{"id":216,"date":"2010-10-19T16:39:08","date_gmt":"2010-10-19T20:39:08","guid":{"rendered":"http:\/\/www.nationalcomponent.com\/press\/?p=216"},"modified":"2014-02-25T20:02:27","modified_gmt":"2014-02-25T20:02:27","slug":"marche-mondiale-des-femmes","status":"publish","type":"post","link":"https:\/\/www.unesen.ca\/press\/?p=216&amp;lang=fr","title":{"rendered":"Marche mondiale des femmes"},"content":{"rendered":"<p>Des milliers de femmes ont pris part, le 18 octobre 2010, au grand rassemblement national de la Marche mondiale des femmes \u00e0 Rimouski. La Marche mondiale des femmes est un mouvement qui rallie 4500 groupes de femmes \u00e0 travers 151 pays. Un important rassemblement se d\u00e9roulait \u00e9galement \u00e0 Bukavu en R\u00e9publique d\u00e9mocratique du Congo. L\u2019\u00c9l\u00e9ment national a fi\u00e8rement \u00e9t\u00e9 repr\u00e9sent\u00e9 par des consoeurs faisant partie de diff\u00e9rents Comit\u00e9s r\u00e9gionaux des femmes \u00e0 travers le Qu\u00e9bec.<\/p>\n<figure id=\"attachment_209\" aria-describedby=\"caption-attachment-209\" style=\"width: 500px\" class=\"wp-caption aligncenter\"><a href=\"http:\/\/www.une-sen.org\/press\/?attachment_id=209\" rel=\"attachment wp-att-209\"><img loading=\"lazy\" class=\"size-full wp-image-209\" alt=\"Marche mondiale des femmes\" src=\"http:\/\/www.une-sen.org\/press\/wp-content\/uploads\/2012\/03\/MMFRimouski.jpg\" width=\"500\" height=\"375\" srcset=\"https:\/\/www.unesen.ca\/press\/wp-content\/uploads\/2012\/03\/MMFRimouski.jpg 500w, https:\/\/www.unesen.ca\/press\/wp-content\/uploads\/2012\/03\/MMFRimouski-300x225.jpg 300w\" sizes=\"(max-width: 500px) 100vw, 500px\" \/><\/a><figcaption id=\"caption-attachment-209\" class=\"wp-caption-text\">Sur la photo : Consoeur Louise Patrice, VPR de la r\u00e9gion Hors Canada, entour\u00e9e des consoeurs du Comit\u00e9 r\u00e9gional des femmes francophones de la R\u00e9gion de la capitale nationale : Claudine Lance, Johanne Gosselin, Marie-Fran\u00e7oise Bertrand et Lisa Rossignol.<\/figcaption><\/figure>\n","protected":false},"excerpt":{"rendered":"<p>Des milliers de femmes ont pris part, le 18 octobre 2010, au grand rassemblement national de la Marche mondiale des femmes \u00e0 Rimouski. La Marche mondiale des femmes est un mouvement qui rallie 4500 groupes de femmes \u00e0 travers 151 pays. Un important rassemblement se d\u00e9roulait \u00e9galement \u00e0 Bukavu en R\u00e9publique d\u00e9mocratique du Congo. L\u2019\u00c9l\u00e9ment &hellip; <\/p>\n<p class=\"link-more\"><a href=\"https:\/\/www.unesen.ca\/press\/?p=216&#038;lang=fr\" class=\"more-link\">>><span class=\"screen-reader-text\"> &#8220;Marche mondiale des femmes&#8221;<\/span><\/a><\/p>\n","protected":false},"author":3,"featured_media":0,"comment_status":"open","ping_status":"open","sticky":false,"template":"","format":"standard","meta":{"_links_to":"","_links_to_target":""},"categories":[],"tags":[],"_links":{"self":[{"href":"https:\/\/www.unesen.ca\/press\/index.php?rest_route=\/wp\/v2\/posts\/216"}],"collection":[{"href":"https:\/\/www.unesen.ca\/press\/index.php?rest_route=\/wp\/v2\/posts"}],"about":[{"href":"https:\/\/www.unesen.ca\/press\/index.php?rest_route=\/wp\/v2\/types\/post"}],"author":[{"embeddable":true,"href":"https:\/\/www.unesen.ca\/press\/index.php?rest_route=\/wp\/v2\/users\/3"}],"replies":[{"embeddable":true,"href":"https:\/\/www.unesen.ca\/press\/index.php?rest_route=%2Fwp%2Fv2%2Fcomments&post=216"}],"version-history":[{"count":1,"href":"https:\/\/www.unesen.ca\/press\/index.php?rest_route=\/wp\/v2\/posts\/216\/revisions"}],"predecessor-version":[{"id":3608,"href":"https:\/\/www.unesen.ca\/press\/index.php?rest_route=\/wp\/v2\/posts\/216\/revisions\/3608"}],"wp:attachment":[{"href":"https:\/\/www.unesen.ca\/press\/index.php?rest_route=%2Fwp%2Fv2%2Fmedia&parent=216"}],"wp:term":[{"taxonomy":"category","embeddable":true,"href":"https:\/\/www.unesen.ca\/press\/index.php?rest_route=%2Fwp%2Fv2%2Fcategories&post=216"},{"taxonomy":"post_tag","embeddable":true,"href":"https:\/\/www.unesen.ca\/press\/index.php?rest_route=%2Fwp%2Fv2%2Ftags&post=216"}],"curies":[{"name":"wp","href":"https:\/\/api.w.org\/{rel}","templated":true}]}}