{"id":2095,"date":"2013-04-18T17:17:26","date_gmt":"2013-04-18T21:17:26","guid":{"rendered":"http:\/\/www.une-sen.org\/press\/?p=2095"},"modified":"2014-02-25T16:55:17","modified_gmt":"2014-02-25T16:55:17","slug":"prix-des-droits-de-la-personne","status":"publish","type":"post","link":"https:\/\/www.unesen.ca\/press\/?p=2095&amp;lang=fr","title":{"rendered":"Prix des droits de la personne"},"content":{"rendered":"<p><img loading=\"lazy\" class=\"alignnone size-full wp-image-2097\" title=\"humanrightsaward_f\" alt=\"\" src=\"http:\/\/www.une-sen.org\/press\/wp-content\/uploads\/2013\/04\/humanrightsaward_f.png\" width=\"600\" height=\"400\" srcset=\"https:\/\/www.unesen.ca\/press\/wp-content\/uploads\/2013\/04\/humanrightsaward_f.png 600w, https:\/\/www.unesen.ca\/press\/wp-content\/uploads\/2013\/04\/humanrightsaward_f-300x200.png 300w\" sizes=\"(max-width: 600px) 100vw, 600px\" \/><\/p>\n<p>La promotion des droits de la personne est une cause que le Syndicat des employ\u00e9es et employ\u00e9s nationaux soutient sans r\u00e9serve. De tout temps, tous les syndicats ont d\u00e9fendu les droits de la personne, mais les membres de notre syndicat ont tout particuli\u00e8rement cette cause \u00e0 c\u0153ur.<\/p>\n<p>Le prix vise \u00e0 reconna\u00eetre le travail exceptionnel d\u2019un membre qui milite pour les droits de la personne. Le Syndicat des employ\u00e9es et employ\u00e9s nationaux cherche des candidates et candidats \u2013 la date limite est le 1<sup>er<\/sup> ao\u00fbt. <a href=\"http:\/\/www.une-sen.org\/what_we_do\/human_rights_award.php?lang=fr\">Pour obtenir plus de renseignements, cliquez ici<\/a>.<\/p>\n<p>Le dernier membre qui a re\u00e7u le prix est Cheryl Aucoin, en 2007.<\/p>\n<p>M<sup>me<\/sup> Aucoin se souvient de son travail qui consistait \u00e0 essayer de faire reconna\u00eetre les personnes handicap\u00e9es, ainsi que les gais et lesbiennes en tant que groupes d\u2019\u00e9quit\u00e9 au sein de l\u2019AFPC.<\/p>\n<p>\u00ab\u00a0D\u00e8s le d\u00e9part, la bataille a \u00e9t\u00e9 difficile\u00a0\u00bb, a d\u00e9clar\u00e9 M<sup>me<\/sup> Aucoin. \u00ab\u00a0Personne ne d\u00e9lirait d\u2019enthousiasme pour les gais et lesbiennes.\u00a0\u00bb<\/p>\n<p>Selon M<sup>me<\/sup> Aucoin, il a \u00e9t\u00e9 plus facile pour elle de d\u00e9fendre les droits de ses cons\u0153urs et confr\u00e8res gais parce qu\u2019elle \u00e9tait h\u00e9t\u00e9rosexuelle.<\/p>\n<p>\u00ab\u00a0J\u2019ai \u00e9t\u00e9 tr\u00e8s heureuse de faire ce que j\u2019ai fait\u00a0\u00bb, a d\u00e9clar\u00e9 M<sup>me<\/sup> Aucoin, avec fiert\u00e9. \u00ab\u00a0On me faisait enti\u00e8rement confiance. Mais ce n\u2019\u00e9tait pas la m\u00eame chose pour tout le monde. Pour certains, c\u2019\u00e9tait extr\u00eamement difficile.\u00a0\u00bb<\/p>\n<p>L\u2019AFPC a finalement adopt\u00e9 une politique de lutte contre la discrimination fond\u00e9e sur l\u2019orientation sexuelle en 1994. De l\u2019avis de M<sup>me<\/sup> Aucoin, c\u2019est en grande partie gr\u00e2ce au leadership progressiste de notre syndicat.<\/p>\n<p>\u00ab\u00a0Je crois que, de tous les \u00e9l\u00e9ments, c\u2019est nous qui \u00e9tions les pr\u00e9curseurs\u00a0\u00bb, a d\u00e9clar\u00e9 M<sup>me<\/sup> Aucoin.<\/p>\n<p>\u00ab\u00a0Avec du recul, je dirais que cela a probablement \u00e9t\u00e9 une des meilleures exp\u00e9riences de ma vie.\u00a0\u00bb<\/p>\n<p>__________________<\/p>\n<p>Pour ceux d\u2019entre vous qui reconnaissez peut-\u00eatre le nom Cheryl Aucoin, elle vous salue! Elle dit que, m\u00eame si elle est maintenant retrait\u00e9e, elle garde contact avec tous les membres de l\u2019AFPC \u00e0 Sydney, en Nouvelle\u2011\u00c9cosse. Elle re\u00e7oit \u2013 et accepte! \u2013 toujours des invitations pour assister aux \u00e9v\u00e9nements locaux du syndicat!<\/p>\n","protected":false},"excerpt":{"rendered":"<p>La promotion des droits de la personne est une cause que le Syndicat des employ\u00e9es et employ\u00e9s nationaux soutient sans r\u00e9serve. De tout temps, tous les syndicats ont d\u00e9fendu les droits de la personne, mais les membres de notre syndicat ont tout particuli\u00e8rement cette cause \u00e0 c\u0153ur. Le prix vise \u00e0 reconna\u00eetre le travail exceptionnel &hellip; <\/p>\n<p class=\"link-more\"><a href=\"https:\/\/www.unesen.ca\/press\/?p=2095&#038;lang=fr\" class=\"more-link\">>><span class=\"screen-reader-text\"> &#8220;Prix des droits de la personne&#8221;<\/span><\/a><\/p>\n","protected":false},"author":3,"featured_media":0,"comment_status":"open","ping_status":"closed","sticky":false,"template":"","format":"standard","meta":{"_links_to":"","_links_to_target":""},"categories":[],"tags":[],"_links":{"self":[{"href":"https:\/\/www.unesen.ca\/press\/index.php?rest_route=\/wp\/v2\/posts\/2095"}],"collection":[{"href":"https:\/\/www.unesen.ca\/press\/index.php?rest_route=\/wp\/v2\/posts"}],"about":[{"href":"https:\/\/www.unesen.ca\/press\/index.php?rest_route=\/wp\/v2\/types\/post"}],"author":[{"embeddable":true,"href":"https:\/\/www.unesen.ca\/press\/index.php?rest_route=\/wp\/v2\/users\/3"}],"replies":[{"embeddable":true,"href":"https:\/\/www.unesen.ca\/press\/index.php?rest_route=%2Fwp%2Fv2%2Fcomments&post=2095"}],"version-history":[{"count":1,"href":"https:\/\/www.unesen.ca\/press\/index.php?rest_route=\/wp\/v2\/posts\/2095\/revisions"}],"predecessor-version":[{"id":3468,"href":"https:\/\/www.unesen.ca\/press\/index.php?rest_route=\/wp\/v2\/posts\/2095\/revisions\/3468"}],"wp:attachment":[{"href":"https:\/\/www.unesen.ca\/press\/index.php?rest_route=%2Fwp%2Fv2%2Fmedia&parent=2095"}],"wp:term":[{"taxonomy":"category","embeddable":true,"href":"https:\/\/www.unesen.ca\/press\/index.php?rest_route=%2Fwp%2Fv2%2Fcategories&post=2095"},{"taxonomy":"post_tag","embeddable":true,"href":"https:\/\/www.unesen.ca\/press\/index.php?rest_route=%2Fwp%2Fv2%2Ftags&post=2095"}],"curies":[{"name":"wp","href":"https:\/\/api.w.org\/{rel}","templated":true}]}}