{"id":1927,"date":"2013-03-21T00:00:25","date_gmt":"2013-03-21T04:00:25","guid":{"rendered":"http:\/\/www.une-sen.org\/press\/?p=1927"},"modified":"2014-02-25T16:58:26","modified_gmt":"2014-02-25T16:58:26","slug":"vous-avez-dit-trop-ethnique","status":"publish","type":"post","link":"https:\/\/www.unesen.ca\/press\/?p=1927&amp;lang=fr","title":{"rendered":"Vous avez dit : \u00ab trop ethnique \u00bb!?"},"content":{"rendered":"<p><img loading=\"lazy\" class=\"alignnone size-full wp-image-1929\" title=\"tooethnic_f\" alt=\"\" src=\"http:\/\/www.une-sen.org\/press\/wp-content\/uploads\/2013\/03\/tooethnic_f1.png\" width=\"600\" height=\"400\" srcset=\"https:\/\/www.unesen.ca\/press\/wp-content\/uploads\/2013\/03\/tooethnic_f1.png 600w, https:\/\/www.unesen.ca\/press\/wp-content\/uploads\/2013\/03\/tooethnic_f1-300x200.png 300w\" sizes=\"(max-width: 600px) 100vw, 600px\" \/><\/p>\n<p>Imaginez que vous apprenez que votre curriculum vitae s\u2019est retrouv\u00e9 au bac de recyclage parce que votre nom a une consonance \u00ab\u00a0trop ethnique\u00a0\u00bb. C\u2019est le type de discrimination \u00e9vidente qui ne devrait plus exister \u00e0 notre \u00e9poque, mais, selon une \u00e9tude, cela se produit encore trop souvent.<\/p>\n<p>En 2009, Philip Oreopoulos, professeur \u00e0 l\u2019Universit\u00e9 de Toronto, a r\u00e9alis\u00e9 une \u00e9tude dans le cadre de laquelle 6\u00a0000 curriculum vitae fictifs ont \u00e9t\u00e9 envoy\u00e9s \u00e0 des recruteurs de Toronto. Dans tous les curriculum vitae, le niveau de scolarit\u00e9 et l\u2019exp\u00e9rience \u00e9taient comparables. La seule diff\u00e9rence \u00e9vidente \u00e9tait que le nom de certains candidats avait une consonance anglo-saxonne, tandis que d\u2019autres semblaient d\u2019origines indienne, pakistanaise ou chinoise. Un autre groupe de curriculum vitae mentionnait une exp\u00e9rience et des titres de comp\u00e9tences acquis \u00e0 l\u2019\u00e9tranger<sup>1<\/sup>.<\/p>\n<p>Un candidat qui avait un nom \u00e0 consonance anglo-saxonne et qui avait fait ses \u00e9tudes au Canada avait 16\u00a0% de chance d\u2019\u00eatre appel\u00e9 pour passer une entrevue. De son c\u00f4t\u00e9, un candidat tout aussi qualifi\u00e9, mais dont le nom avait une consonance ethnique et dont l&#8217;exp\u00e9rience et les titres de comp\u00e9tence avaient \u00e9t\u00e9 acquis \u00e0 l\u2019\u00e9tranger recevait un appel seulement 5\u00a0% du temps<sup>2<\/sup>.<\/p>\n<p>Et lorsqu\u2019on tenait compte uniquement du nom des candidats, \u00ab\u00a0Alison Johnson\u00a0\u00bb \u00e9tait tout de m\u00eame 40\u00a0% plus susceptible de recevoir un appel que \u00ab\u00a0Tao Wang\u00a0\u00bb<sup>3<\/sup>.<\/p>\n<p>L\u2019\u00e9tude r\u00e9v\u00e8le que la discrimination fond\u00e9e sur le nom est l\u2019un des principaux facteurs pouvant expliquer pourquoi les immigrants ont souvent de la difficult\u00e9 \u00e0 trouver un emploi, et ce, m\u00eame s\u2019ils sont qualifi\u00e9s.<\/p>\n<p>En 2010, M.\u00a0Oreopoulos a r\u00e9alis\u00e9 une \u00e9tude semblable, mais a cette fois-ci inclus les villes de Vancouver et Montr\u00e9al. Quand les chercheurs ont fait des entrevues de suivi aupr\u00e8s des recruteurs, ils ont constat\u00e9 que ceux-ci prennent souvent des d\u00e9cisions imm\u00e9diates. En effet, ils pr\u00e9sument qu\u2019une personne qui porte un nom \u00e9tranger ne ma\u00eetrise pas la langue ou ne poss\u00e8de pas certaines comp\u00e9tences sociales essentielles, malgr\u00e9 le fait que son curriculum vitae donne \u00e0 penser le contraire. Autrement dit, il s&#8217;agit d&#8217;une forme inconsciente de discrimination<sup>4<\/sup>.<\/p>\n<p>Aujourd\u2019hui, c\u2019est la Journ\u00e9e internationale pour l&#8217;\u00e9limination de la discrimination raciale. Nous voulions partager cette \u00e9tude pour vous rappeler que le racisme prend plusieurs formes.<\/p>\n<p>Nous ne devons pas oublier que les programmes d\u2019action positive sont actuellement menac\u00e9s. Ces programmes visent \u00e0 inverser les pratiques discriminatoires du pass\u00e9 en donnant priorit\u00e9 aux individus qui font partie de cat\u00e9gories sociales d\u00e9favoris\u00e9es.<\/p>\n<p>Les programmes d\u2019action positive sont souvent un sujet de controverse. Des conservateurs comme Stockwell Day et Jason Kenney, par exemple, affirment que seul le m\u00e9rite devrait \u00eatre consid\u00e9r\u00e9 lorsque les fonctionnaires sont embauch\u00e9s<sup>5<\/sup>. Mais cette approche ne tient pas compte du racisme institutionnel.<\/p>\n<p>Si \u00ab\u00a0Tao Wang\u00a0\u00bb est ignor\u00e9 comme candidat t\u00f4t dans sa vie professionnelle en raison de son nom, n\u2019est-il pas en train de commencer la course quelques secondes apr\u00e8s tous les autres?<\/p>\n<hr size=\"1\" \/>\n<p>[1] Oreopoulos, P. (2009) <a href=\"http:\/\/www.nber.org\/papers\/w15036.pdf?new_window=1\"><em>Why Do Skilled Immigrants Struggle In The Labor Market? A Field Experiment With Six Thousand Resumes<\/em><\/a><em>. <\/em>National Bureau of Economic Research.<\/p>\n<p>[2] <em>Ibid<\/em>.<\/p>\n<p>[3] <em>Ibid<\/em>.<\/p>\n<p>[4] Oreopoulos, P. et D. Dechief (2012) <a href=\"http:\/\/papers.ssrn.com\/sol3\/papers.cfm?abstract_id=2018047\"><em>Why Do Some Employers Prefer to Interview Matthew, but Not Samir? New Evidence from Toronto, Montreal, and Vancouver<\/em><\/a>. Canadian Labour Market and Skills Researcher Network.<\/p>\n<p>[5] Rennie, Steve. (2010) <a href=\"http:\/\/www.theglobeandmail.com\/news\/politics\/ottawa-orders-affirmative-action-overhaul\/article1389343\/\">Ottawa orders affirmative-action overhaul<\/a>. Ottawa Citizen.<\/p>\n","protected":false},"excerpt":{"rendered":"<p>Imaginez que vous apprenez que votre curriculum vitae s\u2019est retrouv\u00e9 au bac de recyclage parce que votre nom a une consonance \u00ab\u00a0trop ethnique\u00a0\u00bb. C\u2019est le type de discrimination \u00e9vidente qui ne devrait plus exister \u00e0 notre \u00e9poque, mais, selon une \u00e9tude, cela se produit encore trop souvent. En 2009, Philip Oreopoulos, professeur \u00e0 l\u2019Universit\u00e9 de &hellip; <\/p>\n<p class=\"link-more\"><a href=\"https:\/\/www.unesen.ca\/press\/?p=1927&#038;lang=fr\" class=\"more-link\">>><span class=\"screen-reader-text\"> &#8220;Vous avez dit : \u00ab trop ethnique \u00bb!?&#8221;<\/span><\/a><\/p>\n","protected":false},"author":3,"featured_media":0,"comment_status":"open","ping_status":"closed","sticky":false,"template":"","format":"standard","meta":{"_links_to":"","_links_to_target":""},"categories":[],"tags":[],"_links":{"self":[{"href":"https:\/\/www.unesen.ca\/press\/index.php?rest_route=\/wp\/v2\/posts\/1927"}],"collection":[{"href":"https:\/\/www.unesen.ca\/press\/index.php?rest_route=\/wp\/v2\/posts"}],"about":[{"href":"https:\/\/www.unesen.ca\/press\/index.php?rest_route=\/wp\/v2\/types\/post"}],"author":[{"embeddable":true,"href":"https:\/\/www.unesen.ca\/press\/index.php?rest_route=\/wp\/v2\/users\/3"}],"replies":[{"embeddable":true,"href":"https:\/\/www.unesen.ca\/press\/index.php?rest_route=%2Fwp%2Fv2%2Fcomments&post=1927"}],"version-history":[{"count":1,"href":"https:\/\/www.unesen.ca\/press\/index.php?rest_route=\/wp\/v2\/posts\/1927\/revisions"}],"predecessor-version":[{"id":3475,"href":"https:\/\/www.unesen.ca\/press\/index.php?rest_route=\/wp\/v2\/posts\/1927\/revisions\/3475"}],"wp:attachment":[{"href":"https:\/\/www.unesen.ca\/press\/index.php?rest_route=%2Fwp%2Fv2%2Fmedia&parent=1927"}],"wp:term":[{"taxonomy":"category","embeddable":true,"href":"https:\/\/www.unesen.ca\/press\/index.php?rest_route=%2Fwp%2Fv2%2Fcategories&post=1927"},{"taxonomy":"post_tag","embeddable":true,"href":"https:\/\/www.unesen.ca\/press\/index.php?rest_route=%2Fwp%2Fv2%2Ftags&post=1927"}],"curies":[{"name":"wp","href":"https:\/\/api.w.org\/{rel}","templated":true}]}}