{"id":1918,"date":"2013-03-20T10:49:44","date_gmt":"2013-03-20T14:49:44","guid":{"rendered":"http:\/\/www.une-sen.org\/press\/?p=1918"},"modified":"2014-02-25T16:58:58","modified_gmt":"2014-02-25T16:58:58","slug":"jour-de-la-francophonie","status":"publish","type":"post","link":"https:\/\/www.unesen.ca\/press\/?p=1918&amp;lang=fr","title":{"rendered":"Jour de la Francophonie"},"content":{"rendered":"<p><img loading=\"lazy\" class=\"alignnone size-full wp-image-1919\" title=\"francophonie\" alt=\"\" src=\"http:\/\/www.une-sen.org\/press\/wp-content\/uploads\/2013\/03\/francophonie.png\" width=\"600\" height=\"400\" srcset=\"https:\/\/www.unesen.ca\/press\/wp-content\/uploads\/2013\/03\/francophonie.png 600w, https:\/\/www.unesen.ca\/press\/wp-content\/uploads\/2013\/03\/francophonie-300x200.png 300w\" sizes=\"(max-width: 600px) 100vw, 600px\" \/><\/p>\n<p>Aujourd\u2019hui, c\u2019est la Journ\u00e9e internationale de la Francophonie. Plus de 220\u00a0millions d\u2019hommes et de femmes parlent fran\u00e7ais dans le monde; on parle d\u2019une personne sur 32<sup>1<\/sup>!<\/p>\n<p>Au Canada, on pense souvent que c\u2019est principalement dans la \u00ab\u00a0belle province\u00a0\u00bb que l\u2019on parle le fran\u00e7ais. Cependant, c\u2019est pr\u00e8s de 10\u00a0millions de Canadiens qui parlent fran\u00e7ais<sup>2<\/sup>. En fait, \u00e0 l\u2019ext\u00e9rieur du Qu\u00e9bec, de plus en plus de personnes d\u00e9clarent que le fran\u00e7ais est leur langue maternelle. En 2011, 4,3\u00a0% des Canadiens qui vivaient \u00e0 l\u2019ext\u00e9rieur du Qu\u00e9bec ont d\u00e9clar\u00e9 parler fran\u00e7ais \u00e0 la maison, et plus de 10\u00a0% ont dit pouvoir converser en fran\u00e7ais<sup>3<\/sup>.<\/p>\n<p>Plus t\u00f4t ce mois-ci, les francophones de l\u2019Alberta ont \u00e9rig\u00e9 le drapeau franco-albertain. L\u2019Association canadienne-fran\u00e7aise de l\u2019Alberta a organis\u00e9 de nombreuses activit\u00e9s pour c\u00e9l\u00e9brer la langue fran\u00e7aise, notamment des sorties \u00e0 la cabane \u00e0 sucre, des pi\u00e8ces de th\u00e9\u00e2tre et des spectacles.<\/p>\n<p>\u00ab\u00a0C\u2019est tellement dynamique ici et on est l\u2019une des rares provinces o\u00f9 la population francophone ne cesse d\u2019augmenter\u00a0\u00bb, a d\u00e9clar\u00e9 Isabelle Laurin, directrice des affaires publiques de l\u2019Association canadienne-fran\u00e7aise de l\u2019Alberta.<\/p>\n<p>\u00ab\u00a0La population francophone qui est ancr\u00e9e ici depuis plusieurs g\u00e9n\u00e9rations est tr\u00e8s engag\u00e9e. Parmi les d\u00e9fis auxquels nous devons faire face, il faut notamment faire savoir aux nouveaux Franco\u2011Albertains qu\u2019il y a une communaut\u00e9 francophone ici.\u00a0\u00bb<\/p>\n<p>Chaque ann\u00e9e, le 20\u00a0mars, l\u2019Association tient un kiosque \u00e0 la Place du Canada \u00e0 Edmonton, pour encourager les fonctionnaires \u00e0 s\u2019informer davantage au sujet de la communaut\u00e9 francophone de la province.<\/p>\n<p>Pendant ce temps, m\u00eame au Qu\u00e9bec, on ne cesse de se battre pour les droits en mati\u00e8re d\u2019\u00e9galit\u00e9 linguistique. Yvon Beaudoin, vice-pr\u00e9sident adjoint r\u00e9gional du SEN pour la r\u00e9gion du Qu\u00e9bec, a r\u00e9cemment assist\u00e9 \u00e0 l\u2019assembl\u00e9e g\u00e9n\u00e9rale annuelle des membres des comit\u00e9s de francisation \u00e0 Montr\u00e9al. Selon la loi, ces comit\u00e9s sont n\u00e9cessaires; ils visent \u00e0 promouvoir la langue fran\u00e7aise au sein des entreprises qui emploient plus de 50\u00a0personnes.<\/p>\n<p>M.\u00a0Beaudoin a d\u00e9clar\u00e9 que les francophones doivent souvent se battre pour pouvoir travailler dans la langue de leur choix. Parfois, il peut m\u00eame \u00eatre difficile d\u2019avoir acc\u00e8s \u00e0 un ordinateur en fran\u00e7ais.<\/p>\n<p>\u00ab\u00a0On sait que c\u2019est beaucoup moins cher d\u2019acheter des logiciels en anglais, a d\u00e9clar\u00e9 M.\u00a0Beaudoin. Lorsqu\u2019on veut les logiciels en fran\u00e7ais, il y a toujours un peu de retard, et ils ne sont pas toujours disponibles. De plus, c\u2019est beaucoup plus dispendieux.\u00a0\u00bb<\/p>\n<p>Selon M.\u00a0Beaudoin, les entreprises au Qu\u00e9bec peuvent obtenir du soutien financier du gouvernement provincial pour l\u2019achat de logiciels en fran\u00e7ais.<\/p>\n<p>Une autre pr\u00e9occupation grandissante au Qu\u00e9bec concerne les r\u00e9percussions de la mondialisation. Comme les entreprises au Qu\u00e9bec sont souvent achet\u00e9es par de grandes entreprises am\u00e9ricaines, les francophones croient que, de plus en plus, l\u2019anglais est en train de prendre plus de place.<\/p>\n<p>M.\u00a0Beaudoin est \u00e9galement membre du Comit\u00e9 des francophones du SEN. Il affirme avoir constat\u00e9 une importante am\u00e9lioration de la qualit\u00e9 du fran\u00e7ais durant les \u00e9v\u00e9nements et sur le site Web du syndicat.<\/p>\n<hr size=\"1\" \/>\n<p>[1] <a href=\"http:\/\/www.20mars.francophonie.org\/IMG\/pdf\/Dossier_de_presse_20_mars_2013.pdf\">Communiqu\u00e9 de presse<\/a>, Organisation internationale de la francophonie, 2013.<\/p>\n<p>[2] <a href=\"http:\/\/www12.statcan.gc.ca\/census-recensement\/2011\/as-sa\/98-314-x\/98-314-x2011003_1-fra.cfm\">Le fran\u00e7ais et la francophonie au Canada<\/a>, Statistique Canada, 2011.<\/p>\n<p>[3]<a href=\"http:\/\/www12.statcan.gc.ca\/census-recensement\/2011\/as-sa\/98-314-x\/2011003\/tbl\/tbl3_1-3-fra.cfm\">Effectif et proportion de la population ayant d\u00e9clar\u00e9 le fran\u00e7ais selon la caract\u00e9ristique linguistique, Canada hors Qu\u00e9bec, 2006 et 2011<\/a>, Statistique Canada, 2011<\/p>\n","protected":false},"excerpt":{"rendered":"<p>Aujourd\u2019hui, c\u2019est la Journ\u00e9e internationale de la Francophonie. Plus de 220\u00a0millions d\u2019hommes et de femmes parlent fran\u00e7ais dans le monde; on parle d\u2019une personne sur 321! Au Canada, on pense souvent que c\u2019est principalement dans la \u00ab\u00a0belle province\u00a0\u00bb que l\u2019on parle le fran\u00e7ais. Cependant, c\u2019est pr\u00e8s de 10\u00a0millions de Canadiens qui parlent fran\u00e7ais2. En fait, &hellip; <\/p>\n<p class=\"link-more\"><a href=\"https:\/\/www.unesen.ca\/press\/?p=1918&#038;lang=fr\" class=\"more-link\">>><span class=\"screen-reader-text\"> &#8220;Jour de la Francophonie&#8221;<\/span><\/a><\/p>\n","protected":false},"author":3,"featured_media":0,"comment_status":"open","ping_status":"closed","sticky":false,"template":"","format":"standard","meta":{"_links_to":"","_links_to_target":""},"categories":[],"tags":[],"_links":{"self":[{"href":"https:\/\/www.unesen.ca\/press\/index.php?rest_route=\/wp\/v2\/posts\/1918"}],"collection":[{"href":"https:\/\/www.unesen.ca\/press\/index.php?rest_route=\/wp\/v2\/posts"}],"about":[{"href":"https:\/\/www.unesen.ca\/press\/index.php?rest_route=\/wp\/v2\/types\/post"}],"author":[{"embeddable":true,"href":"https:\/\/www.unesen.ca\/press\/index.php?rest_route=\/wp\/v2\/users\/3"}],"replies":[{"embeddable":true,"href":"https:\/\/www.unesen.ca\/press\/index.php?rest_route=%2Fwp%2Fv2%2Fcomments&post=1918"}],"version-history":[{"count":1,"href":"https:\/\/www.unesen.ca\/press\/index.php?rest_route=\/wp\/v2\/posts\/1918\/revisions"}],"predecessor-version":[{"id":3476,"href":"https:\/\/www.unesen.ca\/press\/index.php?rest_route=\/wp\/v2\/posts\/1918\/revisions\/3476"}],"wp:attachment":[{"href":"https:\/\/www.unesen.ca\/press\/index.php?rest_route=%2Fwp%2Fv2%2Fmedia&parent=1918"}],"wp:term":[{"taxonomy":"category","embeddable":true,"href":"https:\/\/www.unesen.ca\/press\/index.php?rest_route=%2Fwp%2Fv2%2Fcategories&post=1918"},{"taxonomy":"post_tag","embeddable":true,"href":"https:\/\/www.unesen.ca\/press\/index.php?rest_route=%2Fwp%2Fv2%2Ftags&post=1918"}],"curies":[{"name":"wp","href":"https:\/\/api.w.org\/{rel}","templated":true}]}}