{"id":1907,"date":"2013-03-12T10:44:14","date_gmt":"2013-03-12T14:44:14","guid":{"rendered":"http:\/\/www.une-sen.org\/press\/?p=1907"},"modified":"2014-02-25T17:19:33","modified_gmt":"2014-02-25T17:19:33","slug":"reunion-de-lexecutif-national","status":"publish","type":"post","link":"https:\/\/www.unesen.ca\/press\/?p=1907&amp;lang=fr","title":{"rendered":"R\u00e9union de l&#8217;Ex\u00e9cutif national"},"content":{"rendered":"<p><img loading=\"lazy\" class=\"alignnone size-full wp-image-1908\" title=\"natexec_web3_apr2013f\" alt=\"\" src=\"http:\/\/www.une-sen.org\/press\/wp-content\/uploads\/2013\/03\/natexec_web3_apr2013f.png\" width=\"600\" height=\"400\" srcset=\"https:\/\/www.unesen.ca\/press\/wp-content\/uploads\/2013\/03\/natexec_web3_apr2013f.png 600w, https:\/\/www.unesen.ca\/press\/wp-content\/uploads\/2013\/03\/natexec_web3_apr2013f-300x200.png 300w\" sizes=\"(max-width: 600px) 100vw, 600px\" \/><\/p>\n<p>L\u2019Ex\u00e9cutif national se r\u00e9unira \u00e0 Ottawa du 8 au 10 avril. La premi\u00e8re session d\u00e9butera \u00e0 9 h dans la salle de conf\u00e9rence du Syndicat des employ\u00e9es et employ\u00e9s nationaux.<\/p>\n<p>Si votre section locale veut faire inscrire un point \u00e0 l\u2019ordre du jour de cette r\u00e9union, veuillez communiquer avec votre\u00a0<a href=\"..\/who_we_are\/national_executive.php\">vice-pr\u00e9sidente r\u00e9gionale ou votre vice-pr\u00e9sident r\u00e9gional<\/a> et lui fournir de l\u2019information claire et succincte.<\/p>\n<p><strong>\u00c0 propos de l\u2019ex\u00e9cutif national<\/strong><\/p>\n<p>L\u2019ex\u00e9cutif national est responsable des politiques, des programmes et de la direction du Syndicat des employ\u00e9es et employ\u00e9s national. Entre congr\u00e8s, l\u2019ex\u00e9cutif prend des d\u00e9cisions importantes et \u00e9labore des politiques qui aident \u00e0 s\u2019occuper de notre syndicat. L\u2019ex\u00e9cutif national se r\u00e9unit trois fois par ann\u00e9e pour passer en revue les activit\u00e9s du syndicat et pour s\u2019assurer que celles-ci correspondent aux d\u00e9sirs des membres<\/p>\n","protected":false},"excerpt":{"rendered":"<p>L\u2019Ex\u00e9cutif national se r\u00e9unira \u00e0 Ottawa du 8 au 10 avril. La premi\u00e8re session d\u00e9butera \u00e0 9 h dans la salle de conf\u00e9rence du Syndicat des employ\u00e9es et employ\u00e9s nationaux. Si votre section locale veut faire inscrire un point \u00e0 l\u2019ordre du jour de cette r\u00e9union, veuillez communiquer avec votre\u00a0vice-pr\u00e9sidente r\u00e9gionale ou votre vice-pr\u00e9sident r\u00e9gional &hellip; <\/p>\n<p class=\"link-more\"><a href=\"https:\/\/www.unesen.ca\/press\/?p=1907&#038;lang=fr\" class=\"more-link\">>><span class=\"screen-reader-text\"> &#8220;R\u00e9union de l&#8217;Ex\u00e9cutif national&#8221;<\/span><\/a><\/p>\n","protected":false},"author":3,"featured_media":0,"comment_status":"open","ping_status":"closed","sticky":false,"template":"","format":"standard","meta":{"_links_to":"","_links_to_target":""},"categories":[],"tags":[],"_links":{"self":[{"href":"https:\/\/www.unesen.ca\/press\/index.php?rest_route=\/wp\/v2\/posts\/1907"}],"collection":[{"href":"https:\/\/www.unesen.ca\/press\/index.php?rest_route=\/wp\/v2\/posts"}],"about":[{"href":"https:\/\/www.unesen.ca\/press\/index.php?rest_route=\/wp\/v2\/types\/post"}],"author":[{"embeddable":true,"href":"https:\/\/www.unesen.ca\/press\/index.php?rest_route=\/wp\/v2\/users\/3"}],"replies":[{"embeddable":true,"href":"https:\/\/www.unesen.ca\/press\/index.php?rest_route=%2Fwp%2Fv2%2Fcomments&post=1907"}],"version-history":[{"count":1,"href":"https:\/\/www.unesen.ca\/press\/index.php?rest_route=\/wp\/v2\/posts\/1907\/revisions"}],"predecessor-version":[{"id":3477,"href":"https:\/\/www.unesen.ca\/press\/index.php?rest_route=\/wp\/v2\/posts\/1907\/revisions\/3477"}],"wp:attachment":[{"href":"https:\/\/www.unesen.ca\/press\/index.php?rest_route=%2Fwp%2Fv2%2Fmedia&parent=1907"}],"wp:term":[{"taxonomy":"category","embeddable":true,"href":"https:\/\/www.unesen.ca\/press\/index.php?rest_route=%2Fwp%2Fv2%2Fcategories&post=1907"},{"taxonomy":"post_tag","embeddable":true,"href":"https:\/\/www.unesen.ca\/press\/index.php?rest_route=%2Fwp%2Fv2%2Ftags&post=1907"}],"curies":[{"name":"wp","href":"https:\/\/api.w.org\/{rel}","templated":true}]}}