{"id":1864,"date":"2013-03-06T16:04:52","date_gmt":"2013-03-06T21:04:52","guid":{"rendered":"http:\/\/www.une-sen.org\/press\/?p=1864"},"modified":"2014-02-25T17:21:17","modified_gmt":"2014-02-25T17:21:17","slug":"encore-plus-de-mises-a-pieds","status":"publish","type":"post","link":"https:\/\/www.unesen.ca\/press\/?p=1864&amp;lang=fr","title":{"rendered":"Encore des mises \u00e0 pieds"},"content":{"rendered":"<p><img loading=\"lazy\" class=\"alignnone size-full wp-image-1865\" title=\"morelayoffs_f\" alt=\"\" src=\"http:\/\/www.une-sen.org\/press\/wp-content\/uploads\/2013\/03\/morelayoffs_f.png\" width=\"600\" height=\"400\" srcset=\"https:\/\/www.unesen.ca\/press\/wp-content\/uploads\/2013\/03\/morelayoffs_f.png 600w, https:\/\/www.unesen.ca\/press\/wp-content\/uploads\/2013\/03\/morelayoffs_f-300x200.png 300w\" sizes=\"(max-width: 600px) 100vw, 600px\" \/><\/p>\n<p>Au cours des deux derni\u00e8res semaines, sept de nos membres de la Commission de la capitale nationale, et 19\u00a0membres du Mus\u00e9e des beaux-arts du Canada se sont fait dire qu\u2019ils perdraient leur emploi.<\/p>\n<p>On a dit aux employ\u00e9es\/employ\u00e9s de la Commission de la Capitale nationale que leur emploi prendrait fin \u00e0 la fin de mars. Malheureusement, ces membres ne b\u00e9n\u00e9ficient pas des dispositions relatives au r\u00e9am\u00e9nagement des effectifs qui figurent dans la convention collective des membres du Conseil du Tr\u00e9sor ou de Parcs Canada. La section locale n\u2019a \u00e9t\u00e9 inform\u00e9e que 15\u00a0minutes avant les mises \u00e0 pied.<\/p>\n<p>Cette ann\u00e9e, la Commission de la Capitale nationale a supprim\u00e9 29\u00a0postes, principalement par attrition. L\u2019ann\u00e9e derni\u00e8re, elle en avait supprim\u00e9 22. L\u2019organisation tente toujours de composer avec les compressions budg\u00e9taires impos\u00e9es par le budget f\u00e9d\u00e9ral de\u00a02010.<\/p>\n<p>Le Bal des neiges et la f\u00eate du Canada font partie des nombreux \u00e9v\u00e9nements dont la Commission fait la promotion pour c\u00e9l\u00e9brer le patrimoine canadien.<\/p>\n<p>\u00ab\u00a0On a mis ces membres \u00e0 la porte quelques jours \u00e0 peine apr\u00e8s la fin du Bal des neiges\u00a0\u00bb, a d\u00e9clar\u00e9 le vice-pr\u00e9sident de l\u2019ex\u00e9cutif national, Eddie Kennedy. \u00ab\u00a0C\u2019est une fa\u00e7on odieuse de traiter des employ\u00e9s qui viennent tout juste de donner leur 110\u00a0% pour faire la promotion d\u2019un de vos plus grands \u00e9v\u00e9nements.\u00a0\u00bb<\/p>\n<p>M.\u00a0Kennedy d\u00e9clare que les petites entreprises \u00e0 Ottawa devraient commencer \u00e0 s\u2019inqui\u00e9ter.<\/p>\n<p>\u00ab\u00a0La majorit\u00e9 des membres qui ont \u00e9t\u00e9 mis \u00e0 pied travaillaient dans le secteur des affaires publiques, du marketing et des communications. Comment sera\u2011t\u2011il possible de faire la promotion des \u00e9v\u00e9nements sans ces personnes cl\u00e9s? Ce sont les petites entreprises qui d\u00e9pendent du tourisme qui vont souffrir de ces d\u00e9cisions lamentables.\u00a0\u00bb<\/p>\n<p>Pendant ce temps, le Mus\u00e9e des beaux-arts du Canada a choisi de supprimer 24\u00a0postes \u2014 et ce, apr\u00e8s avoir attir\u00e9 des milliers de personnes \u00e0 l\u2019exposition Van Gogh de l\u2019ann\u00e9e derni\u00e8re. Cette exposition, qui a enregistr\u00e9 230\u00a0100 entr\u00e9es payantes, est arriv\u00e9e au quatri\u00e8me rang des expositions les plus populaires depuis que le Mus\u00e9e a d\u00e9m\u00e9nag\u00e9 \u00e0 son emplacement actuel en\u00a01988.<\/p>\n<p>\u00ab\u00a0Ce n\u2019est qu\u2019un autre exemple de r\u00e9percussions directes qu&#8217;ont les compressions sur les familles canadiennes\u00a0\u00bb, a d\u00e9clar\u00e9 le pr\u00e9sident national, Doug Marshall. \u00ab\u00a0Le Mus\u00e9e des beaux-arts n\u2019est plus que l\u2019ombre de ce qu\u2019il a d\u00e9j\u00e0 \u00e9t\u00e9. Avec la r\u00e9cente suppression des postes de guides, ces compressions emp\u00eachent les jeunes de profiter d\u2019occasions inestimables d\u2019apprendre ailleurs que dans les salles de classe.\u00a0\u00bb<\/p>\n<p>Jeff Stellick, directeur g\u00e9n\u00e9ral de l\u2019\u00c9cole d\u2019art d\u2019Ottawa situ\u00e9e tout pr\u00e8s, d\u00e9clare que les gens qui utilisent le Mus\u00e9e\u00a0 \u00e0 un niveau plus profond vont certainement constater l\u2019effet des mises \u00e0 pied.<\/p>\n<p>\u00ab\u00a0Les cons\u00e9quences seront de plus longues p\u00e9riodes d\u2019attente et moins d\u2019acc\u00e8s aux ressources. \u00c7a va rendre la vie difficile pour toute personne qui utilise le Mus\u00e9e pour faire de la recherche\u00a0\u00bb, affirme M. Stellick. \u00ab\u00a0Sans parler \u00e0 quel point ils viennent de rendre la vie difficile pour les 29 personnes qui n\u2019ont plus d\u2019emploi.\u00a0\u00bb [Note de l\u2019\u00e9diteur\u00a0: le Mus\u00e9e a supprim\u00e9 29 postes, dont 24 sont des postes syndiqu\u00e9s avec l\u2019AFPC.]<\/p>\n<p>Cinq des postes qui ont \u00e9t\u00e9 coup\u00e9s la semaine derni\u00e8re appartenaient \u00e0 la biblioth\u00e8que et aux archives du Mus\u00e9e. Les \u00e9tudiantes et \u00e9tudiants de l\u2019\u00c9cole d\u2019art d\u2019Ottawa utilisent souvent ce service afin de faire de la recherche et \u00e9tudier des dessins et gravures.<\/p>\n<p>\u00ab Les mises \u00e0 pied vont rendre ce genre d\u2019exp\u00e9rience plus difficile \u00e0 obtenir\u00a0\u00bb, dit M. Stellick. \u00ab\u00a0Le Mus\u00e9e ne va pas tout de m\u00eame laisser les gens entrer et commencer \u00e0 retirer des gravures des tiroirs. \u00c7a va cr\u00e9er plus de travail pour le personnel qui reste et \u00e7a va r\u00e9duire la disponibilit\u00e9 de l\u2019art pour les gens qui vont l\u00e0 et qui veulent voir des choses.\u00a0\u00bb<\/p>\n<p>\u00ab\u00a0Tout \u00e7a va avoir le m\u00eame impact\u00a0: moins d\u2019acc\u00e8s \u00e0 long terme.\u00a0\u00bb<\/p>\n","protected":false},"excerpt":{"rendered":"<p>Au cours des deux derni\u00e8res semaines, sept de nos membres de la Commission de la capitale nationale, et 19\u00a0membres du Mus\u00e9e des beaux-arts du Canada se sont fait dire qu\u2019ils perdraient leur emploi. On a dit aux employ\u00e9es\/employ\u00e9s de la Commission de la Capitale nationale que leur emploi prendrait fin \u00e0 la fin de mars. &hellip; <\/p>\n<p class=\"link-more\"><a href=\"https:\/\/www.unesen.ca\/press\/?p=1864&#038;lang=fr\" class=\"more-link\">>><span class=\"screen-reader-text\"> &#8220;Encore des mises \u00e0 pieds&#8221;<\/span><\/a><\/p>\n","protected":false},"author":3,"featured_media":0,"comment_status":"open","ping_status":"closed","sticky":false,"template":"","format":"standard","meta":{"_links_to":"","_links_to_target":""},"categories":[],"tags":[],"_links":{"self":[{"href":"https:\/\/www.unesen.ca\/press\/index.php?rest_route=\/wp\/v2\/posts\/1864"}],"collection":[{"href":"https:\/\/www.unesen.ca\/press\/index.php?rest_route=\/wp\/v2\/posts"}],"about":[{"href":"https:\/\/www.unesen.ca\/press\/index.php?rest_route=\/wp\/v2\/types\/post"}],"author":[{"embeddable":true,"href":"https:\/\/www.unesen.ca\/press\/index.php?rest_route=\/wp\/v2\/users\/3"}],"replies":[{"embeddable":true,"href":"https:\/\/www.unesen.ca\/press\/index.php?rest_route=%2Fwp%2Fv2%2Fcomments&post=1864"}],"version-history":[{"count":1,"href":"https:\/\/www.unesen.ca\/press\/index.php?rest_route=\/wp\/v2\/posts\/1864\/revisions"}],"predecessor-version":[{"id":3480,"href":"https:\/\/www.unesen.ca\/press\/index.php?rest_route=\/wp\/v2\/posts\/1864\/revisions\/3480"}],"wp:attachment":[{"href":"https:\/\/www.unesen.ca\/press\/index.php?rest_route=%2Fwp%2Fv2%2Fmedia&parent=1864"}],"wp:term":[{"taxonomy":"category","embeddable":true,"href":"https:\/\/www.unesen.ca\/press\/index.php?rest_route=%2Fwp%2Fv2%2Fcategories&post=1864"},{"taxonomy":"post_tag","embeddable":true,"href":"https:\/\/www.unesen.ca\/press\/index.php?rest_route=%2Fwp%2Fv2%2Ftags&post=1864"}],"curies":[{"name":"wp","href":"https:\/\/api.w.org\/{rel}","templated":true}]}}