{"id":1857,"date":"2013-03-04T15:34:35","date_gmt":"2013-03-04T20:34:35","guid":{"rendered":"http:\/\/www.une-sen.org\/press\/?p=1857"},"modified":"2014-02-25T17:21:43","modified_gmt":"2014-02-25T17:21:43","slug":"la-premiere-aga-de-la-section-locale-71201","status":"publish","type":"post","link":"https:\/\/www.unesen.ca\/press\/?p=1857&amp;lang=fr","title":{"rendered":"La premi\u00e8re AGA de la section locale 71201"},"content":{"rendered":"<p><img loading=\"lazy\" class=\"alignnone size-full wp-image-1858\" title=\"firstagm_71201_f\" alt=\"\" src=\"http:\/\/www.une-sen.org\/press\/wp-content\/uploads\/2013\/03\/firstagm_71201_f.png\" width=\"600\" height=\"400\" srcset=\"https:\/\/www.unesen.ca\/press\/wp-content\/uploads\/2013\/03\/firstagm_71201_f.png 600w, https:\/\/www.unesen.ca\/press\/wp-content\/uploads\/2013\/03\/firstagm_71201_f-300x200.png 300w\" sizes=\"(max-width: 600px) 100vw, 600px\" \/><\/p>\n<p>Chauss\u00e9e glissante, 20\u00a0centim\u00e8tres de neige, importants bouchons de circulation et chaos total. C\u2019est ce avec quoi les gens d\u2019Ottawa devaient composer mercredi dernier. Et si vous pensez que ce n\u2019\u00e9tait pas si grave que \u00e7a, regardez <a href=\"http:\/\/sphotos-a.xx.fbcdn.net\/hphotos-ash3\/734634_624161617601298_793557065_n.jpg\">cette photo<\/a> sur laquelle on voit des Ottaviens pousser un autobus pris dans la neige.<\/p>\n<p>Cependant, tout ce chaos n\u2019a pas emp\u00each\u00e9 quelques dizaines de membres de l\u2019hippodrome Rideau Carleton d\u2019assister \u00e0 leur toute premi\u00e8re assembl\u00e9e g\u00e9n\u00e9rale annuelle.<\/p>\n<p>\u00ab\u00a0Il faut vraiment f\u00e9liciter ces membres qui ont brav\u00e9 la temp\u00eate pour aller voter\u00a0\u00bb, a d\u00e9clar\u00e9 le Vice-pr\u00e9sident ex\u00e9cutif national, Eddie Kennedy. \u00ab\u00a0Plus du tiers des membres se sont pr\u00e9sent\u00e9s durant cette terrible temp\u00eate de neige. C\u2019est vraiment fantastique!\u00a0\u00bb<\/p>\n<p>Le quorum a \u00e9t\u00e9 largement d\u00e9pass\u00e9, et les membres de la section locale\u00a071201 ont \u00e9lu un nouvel ex\u00e9cutif.<\/p>\n<p>Brenda McCullough a \u00e9t\u00e9 \u00e9lue pr\u00e9sidente, et Georard Goertz Charest a \u00e9t\u00e9 \u00e9lu tr\u00e9sorier.<\/p>\n<p>Les membres de la section locale ont choisi d\u2019\u00e9lire quatre vice-pr\u00e9sidentes et vice-pr\u00e9sidents afin de s\u2019assurer qu\u2019il y aurait dans chaque section locale \u00a0une personne poss\u00e9dant les connaissances appropri\u00e9es pour r\u00e9gler leurs probl\u00e8mes.<\/p>\n<p>On a \u00e9lu par acclamation les membres suivants\u00a0: au poste de vice-pr\u00e9sidente, caisse et banque, Brenda Ryan; au poste de vice-pr\u00e9sident, exploitation des machines \u00e0 sous, Jesule Balmir; au poste de vice\u2011pr\u00e9sidente, marketing, vestiaire et conducteurs de navette, Christina Brady; au poste de vice\u2011pr\u00e9sident, entretien et maintenance, Tomislav Mastilo; au poste de secr\u00e9taire, Lynda Lalonde; et au poste de chef d\u00e9l\u00e9gu\u00e9e, Heidi Sjolander.<\/p>\n<p>F\u00e9licitations \u00e0 toutes les dirigeantes et \u00e0 tous les dirigeants nouvellement \u00e9lus!<\/p>\n","protected":false},"excerpt":{"rendered":"<p>Chauss\u00e9e glissante, 20\u00a0centim\u00e8tres de neige, importants bouchons de circulation et chaos total. C\u2019est ce avec quoi les gens d\u2019Ottawa devaient composer mercredi dernier. Et si vous pensez que ce n\u2019\u00e9tait pas si grave que \u00e7a, regardez cette photo sur laquelle on voit des Ottaviens pousser un autobus pris dans la neige. Cependant, tout ce chaos &hellip; <\/p>\n<p class=\"link-more\"><a href=\"https:\/\/www.unesen.ca\/press\/?p=1857&#038;lang=fr\" class=\"more-link\">>><span class=\"screen-reader-text\"> &#8220;La premi\u00e8re AGA de la section locale 71201&#8221;<\/span><\/a><\/p>\n","protected":false},"author":3,"featured_media":0,"comment_status":"open","ping_status":"closed","sticky":false,"template":"","format":"standard","meta":{"_links_to":"","_links_to_target":""},"categories":[],"tags":[],"_links":{"self":[{"href":"https:\/\/www.unesen.ca\/press\/index.php?rest_route=\/wp\/v2\/posts\/1857"}],"collection":[{"href":"https:\/\/www.unesen.ca\/press\/index.php?rest_route=\/wp\/v2\/posts"}],"about":[{"href":"https:\/\/www.unesen.ca\/press\/index.php?rest_route=\/wp\/v2\/types\/post"}],"author":[{"embeddable":true,"href":"https:\/\/www.unesen.ca\/press\/index.php?rest_route=\/wp\/v2\/users\/3"}],"replies":[{"embeddable":true,"href":"https:\/\/www.unesen.ca\/press\/index.php?rest_route=%2Fwp%2Fv2%2Fcomments&post=1857"}],"version-history":[{"count":1,"href":"https:\/\/www.unesen.ca\/press\/index.php?rest_route=\/wp\/v2\/posts\/1857\/revisions"}],"predecessor-version":[{"id":3481,"href":"https:\/\/www.unesen.ca\/press\/index.php?rest_route=\/wp\/v2\/posts\/1857\/revisions\/3481"}],"wp:attachment":[{"href":"https:\/\/www.unesen.ca\/press\/index.php?rest_route=%2Fwp%2Fv2%2Fmedia&parent=1857"}],"wp:term":[{"taxonomy":"category","embeddable":true,"href":"https:\/\/www.unesen.ca\/press\/index.php?rest_route=%2Fwp%2Fv2%2Fcategories&post=1857"},{"taxonomy":"post_tag","embeddable":true,"href":"https:\/\/www.unesen.ca\/press\/index.php?rest_route=%2Fwp%2Fv2%2Ftags&post=1857"}],"curies":[{"name":"wp","href":"https:\/\/api.w.org\/{rel}","templated":true}]}}