{"id":1846,"date":"2013-02-28T16:15:21","date_gmt":"2013-02-28T21:15:21","guid":{"rendered":"http:\/\/www.une-sen.org\/press\/?p=1846"},"modified":"2014-02-25T17:22:05","modified_gmt":"2014-02-25T17:22:05","slug":"la-revue-a-besoin-de-vous","status":"publish","type":"post","link":"https:\/\/www.unesen.ca\/press\/?p=1846&amp;lang=fr","title":{"rendered":"La Revue a besoin de vous!"},"content":{"rendered":"<p><img loading=\"lazy\" class=\"alignnone size-full wp-image-1847\" title=\"reviewneedsyou_f\" alt=\"\" src=\"http:\/\/www.une-sen.org\/press\/wp-content\/uploads\/2013\/02\/reviewneedsyou_f.png\" width=\"600\" height=\"400\" srcset=\"https:\/\/www.unesen.ca\/press\/wp-content\/uploads\/2013\/02\/reviewneedsyou_f.png 600w, https:\/\/www.unesen.ca\/press\/wp-content\/uploads\/2013\/02\/reviewneedsyou_f-300x200.png 300w\" sizes=\"(max-width: 600px) 100vw, 600px\" \/><\/p>\n<p><strong>[Mise \u00e0 jour: la date d&#8217;\u00e9ch\u00e9ance est pass\u00e9. Nous aurons bient\u00f4t des nouvelles!]<\/strong><\/p>\n<p>Travaillez-vous dans le domaine des communications ou celui des relations publiques? \u00cates-vous bilingue? Vivez-vous dans la r\u00e9gion de la capitale nationale? Nous avons besoin de vous durant la Conf\u00e9rence des pr\u00e9sidentes et pr\u00e9sidents, du 4 au 7 avril.<\/p>\n<p>Nous sommes \u00e0 la recherche de deux journalistes sur place qui participeront \u00e0 la conf\u00e9rence et r\u00e9digeront de courts articles pour nous. Durant notre derni\u00e8re conf\u00e9rence, nous avons eu la chance de compter sur des membres tr\u00e8s talentueux pour produire <a href=\"http:\/\/www.une-sen.org\/press\/?p=1341&amp;lang=fr\">La Revue<\/a> : le communiqu\u00e9 officiel du SEN sur la conf\u00e9rence.<\/p>\n<p>Nous cherchons aussi un ou une photographe de talent. Nous fournissons l\u2019appareil photo, \u00e0 vous de trouver les sourires \u00e0 immortaliser!<\/p>\n<p>Si vous voulez nous aider (et que vous n\u2019occupez pas la pr\u00e9sidence d\u2019une section locale\u2026 parce que, dans ce cas, vous devez participer \u00e0 la conf\u00e9rence!), envoyez-nous un courriel \u00e0 l\u2019adresse suivante\u00a0: <a href=\"mailto:communications@une-sen.org\">communications@une-sen.org<\/a>. \u00c9crivez une courte liste de vos atouts et assurez-vous d\u2019indiquer la langue que vous ma\u00eetrisez le mieux ainsi que votre profil linguistique.<\/p>\n<p>Les b\u00e9n\u00e9voles seront consid\u00e9r\u00e9s comme \u00e9tant des observatrices et observateurs, financ\u00e9s par le SEN. Nous allons donc couvrir le d\u00e9placement, la chambre d\u2019h\u00f4tel, la perte de salaire, l\u2019allocation quotidienne et, au cas de besoin, les soins familiaux.<\/p>\n","protected":false},"excerpt":{"rendered":"<p>[Mise \u00e0 jour: la date d&#8217;\u00e9ch\u00e9ance est pass\u00e9. Nous aurons bient\u00f4t des nouvelles!] Travaillez-vous dans le domaine des communications ou celui des relations publiques? \u00cates-vous bilingue? Vivez-vous dans la r\u00e9gion de la capitale nationale? Nous avons besoin de vous durant la Conf\u00e9rence des pr\u00e9sidentes et pr\u00e9sidents, du 4 au 7 avril. Nous sommes \u00e0 la &hellip; <\/p>\n<p class=\"link-more\"><a href=\"https:\/\/www.unesen.ca\/press\/?p=1846&#038;lang=fr\" class=\"more-link\">>><span class=\"screen-reader-text\"> &#8220;La Revue a besoin de vous!&#8221;<\/span><\/a><\/p>\n","protected":false},"author":3,"featured_media":0,"comment_status":"open","ping_status":"closed","sticky":false,"template":"","format":"standard","meta":{"_links_to":"","_links_to_target":""},"categories":[],"tags":[],"_links":{"self":[{"href":"https:\/\/www.unesen.ca\/press\/index.php?rest_route=\/wp\/v2\/posts\/1846"}],"collection":[{"href":"https:\/\/www.unesen.ca\/press\/index.php?rest_route=\/wp\/v2\/posts"}],"about":[{"href":"https:\/\/www.unesen.ca\/press\/index.php?rest_route=\/wp\/v2\/types\/post"}],"author":[{"embeddable":true,"href":"https:\/\/www.unesen.ca\/press\/index.php?rest_route=\/wp\/v2\/users\/3"}],"replies":[{"embeddable":true,"href":"https:\/\/www.unesen.ca\/press\/index.php?rest_route=%2Fwp%2Fv2%2Fcomments&post=1846"}],"version-history":[{"count":1,"href":"https:\/\/www.unesen.ca\/press\/index.php?rest_route=\/wp\/v2\/posts\/1846\/revisions"}],"predecessor-version":[{"id":3482,"href":"https:\/\/www.unesen.ca\/press\/index.php?rest_route=\/wp\/v2\/posts\/1846\/revisions\/3482"}],"wp:attachment":[{"href":"https:\/\/www.unesen.ca\/press\/index.php?rest_route=%2Fwp%2Fv2%2Fmedia&parent=1846"}],"wp:term":[{"taxonomy":"category","embeddable":true,"href":"https:\/\/www.unesen.ca\/press\/index.php?rest_route=%2Fwp%2Fv2%2Fcategories&post=1846"},{"taxonomy":"post_tag","embeddable":true,"href":"https:\/\/www.unesen.ca\/press\/index.php?rest_route=%2Fwp%2Fv2%2Ftags&post=1846"}],"curies":[{"name":"wp","href":"https:\/\/api.w.org\/{rel}","templated":true}]}}