{"id":1820,"date":"2013-02-21T15:43:17","date_gmt":"2013-02-21T20:43:17","guid":{"rendered":"http:\/\/www.une-sen.org\/press\/?p=1820"},"modified":"2014-02-25T17:22:57","modified_gmt":"2014-02-25T17:22:57","slug":"nouvelle-convention-collective-pour-les-membres-a-parcs-canada","status":"publish","type":"post","link":"https:\/\/www.unesen.ca\/press\/?p=1820&amp;lang=fr","title":{"rendered":"Nouvelle convention collective pour les membres \u00e0 Parcs Canada"},"content":{"rendered":"<p><img loading=\"lazy\" class=\"alignnone size-full wp-image-1821\" title=\"highfive_F\" alt=\"\" src=\"http:\/\/www.une-sen.org\/press\/wp-content\/uploads\/2013\/02\/highfive_F.png\" width=\"600\" height=\"400\" srcset=\"https:\/\/www.unesen.ca\/press\/wp-content\/uploads\/2013\/02\/highfive_F.png 600w, https:\/\/www.unesen.ca\/press\/wp-content\/uploads\/2013\/02\/highfive_F-300x200.png 300w\" sizes=\"(max-width: 600px) 100vw, 600px\" \/><\/p>\n<p>Les membres ont parl\u00e9\u00a0: les employ\u00e9s de Parcs Canada ont vot\u00e9 en faveur de l\u2019entente de principe qui leur avait \u00e9t\u00e9 pr\u00e9sent\u00e9e.<\/p>\n<p>Au cours des derniers mois, nous avons parl\u00e9 \u00e0 quelques reprises du processus de n\u00e9gociation collective, de <a href=\"http:\/\/www.une-sen.org\/press\/?p=1441&amp;lang=fr\">l&#8217;entente de principe<\/a> et du <a href=\"http:\/\/www.une-sen.org\/press\/?p=1704&amp;lang=fr\">travail acharn\u00e9 de l&#8217;\u00e9quipe de n\u00e9gociation<\/a>.<\/p>\n<p>Pour Loretta Moar, qui a agi \u00e0 titre de membre de l\u2019\u00e9quipe de n\u00e9gociation pour la premi\u00e8re fois, l\u2019annonce d\u2019hier est vraiment une tr\u00e8s bonne nouvelle.<\/p>\n<p>\u00ab\u00a0Lorsque l\u2019annonce a \u00e9t\u00e9 faite, j\u2019ai dans\u00e9 dans mon salon, a d\u00e9clar\u00e9 M<sup>me<\/sup> Moar. C\u2019est merveilleux. Je suis heureuse que les membres aient choisi de ratifier la convention collective.\u00a0\u00bb<\/p>\n<p>On ne peut passer sous silence le travail acharn\u00e9 de l\u2019\u00e9quipe de n\u00e9gociation. Les membres de l\u2019\u00e9quipe ont pass\u00e9 d\u2019innombrables heures sur la route, loin de la maison, pour se rendre d\u2019une section locale \u00e0 une autre et rencontrer les membres.<\/p>\n<p>M\u00eame si voyager n\u2019est pas de tout repos, M<sup>me<\/sup> Moar affirme qu\u2019il y a quand m\u00eame des avantages dans tout \u00e7a.<\/p>\n<p>\u00ab\u00a0C\u2019\u00e9tait agr\u00e9able de rencontrer tous les membres de ma r\u00e9gion!\u00a0\u00bb<\/p>\n<p>Le vice-pr\u00e9sident de l\u2019Ex\u00e9cutif national, Eddie Kennedy, qui travaille \u00e9galement pour Parcs Canada, s\u2019est dit tr\u00e8s satisfait des r\u00e9sultats et tient \u00e0 f\u00e9liciter les membres.<\/p>\n<p>\u00ab\u00a0L\u2019\u00e9quipe de n\u00e9gociation a travaill\u00e9 d\u2019arrache-pied pour obtenir la meilleure entente possible en cette p\u00e9riode d\u2019incertitude \u00e9conomique\u00a0\u00bb, a d\u00e9clar\u00e9 M.\u00a0Kennedy.<\/p>\n<p>Et pour ceux qui veulent en savoir davantage au sujet de la <a href=\"http:\/\/www.une-sen.org\/press\/?p=1704&amp;lang=fr\">chatte de Mike LeBlanc<\/a>\u2026<\/p>\n<p>\u00ab\u00a0Elle est tr\u00e8s contente que son papa soit de retour \u00e0 la maison, et elle est enchant\u00e9e que la convention collective ait \u00e9t\u00e9 ratifi\u00e9e, a mentionn\u00e9 M.\u00a0Leblanc. Son papa sera plus souvent \u00e0 la maison. Elle ne fait plus la gueule et va m\u00eame jusqu\u2019\u00e0 ronronner!\u00a0\u00bb<\/p>\n<p>F\u00e9licitations \u00e0 tous nos membres \u2013 et souhaitons que l\u2019\u00e9quipe de n\u00e9gociation obtienne un repos grandement m\u00e9rit\u00e9!<\/p>\n<p><strong>Pour en conna\u00eetre davantage au sujet de la nouvelle convention collective, <\/strong><a href=\"http:\/\/psac.com\/news\/2013\/bargaining\/20130220-f.shtml?l=1\"><strong>veuillez cliquer ici<\/strong><\/a><strong>.<\/strong><\/p>\n","protected":false},"excerpt":{"rendered":"<p>Les membres ont parl\u00e9\u00a0: les employ\u00e9s de Parcs Canada ont vot\u00e9 en faveur de l\u2019entente de principe qui leur avait \u00e9t\u00e9 pr\u00e9sent\u00e9e. Au cours des derniers mois, nous avons parl\u00e9 \u00e0 quelques reprises du processus de n\u00e9gociation collective, de l&#8217;entente de principe et du travail acharn\u00e9 de l&#8217;\u00e9quipe de n\u00e9gociation. Pour Loretta Moar, qui a &hellip; <\/p>\n<p class=\"link-more\"><a href=\"https:\/\/www.unesen.ca\/press\/?p=1820&#038;lang=fr\" class=\"more-link\">>><span class=\"screen-reader-text\"> &#8220;Nouvelle convention collective pour les membres \u00e0 Parcs Canada&#8221;<\/span><\/a><\/p>\n","protected":false},"author":3,"featured_media":0,"comment_status":"open","ping_status":"closed","sticky":false,"template":"","format":"standard","meta":{"_links_to":"","_links_to_target":""},"categories":[],"tags":[],"_links":{"self":[{"href":"https:\/\/www.unesen.ca\/press\/index.php?rest_route=\/wp\/v2\/posts\/1820"}],"collection":[{"href":"https:\/\/www.unesen.ca\/press\/index.php?rest_route=\/wp\/v2\/posts"}],"about":[{"href":"https:\/\/www.unesen.ca\/press\/index.php?rest_route=\/wp\/v2\/types\/post"}],"author":[{"embeddable":true,"href":"https:\/\/www.unesen.ca\/press\/index.php?rest_route=\/wp\/v2\/users\/3"}],"replies":[{"embeddable":true,"href":"https:\/\/www.unesen.ca\/press\/index.php?rest_route=%2Fwp%2Fv2%2Fcomments&post=1820"}],"version-history":[{"count":1,"href":"https:\/\/www.unesen.ca\/press\/index.php?rest_route=\/wp\/v2\/posts\/1820\/revisions"}],"predecessor-version":[{"id":3484,"href":"https:\/\/www.unesen.ca\/press\/index.php?rest_route=\/wp\/v2\/posts\/1820\/revisions\/3484"}],"wp:attachment":[{"href":"https:\/\/www.unesen.ca\/press\/index.php?rest_route=%2Fwp%2Fv2%2Fmedia&parent=1820"}],"wp:term":[{"taxonomy":"category","embeddable":true,"href":"https:\/\/www.unesen.ca\/press\/index.php?rest_route=%2Fwp%2Fv2%2Fcategories&post=1820"},{"taxonomy":"post_tag","embeddable":true,"href":"https:\/\/www.unesen.ca\/press\/index.php?rest_route=%2Fwp%2Fv2%2Ftags&post=1820"}],"curies":[{"name":"wp","href":"https:\/\/api.w.org\/{rel}","templated":true}]}}