{"id":1768,"date":"2013-02-15T07:01:44","date_gmt":"2013-02-15T12:01:44","guid":{"rendered":"http:\/\/www.une-sen.org\/press\/?p=1768"},"modified":"2014-02-25T17:24:22","modified_gmt":"2014-02-25T17:24:22","slug":"mise-a-jour-de-lexecutif-national","status":"publish","type":"post","link":"https:\/\/www.unesen.ca\/press\/?p=1768&amp;lang=fr","title":{"rendered":"Mise \u00e0 jour de l&#8217;ex\u00e9cutif national"},"content":{"rendered":"<p><img loading=\"lazy\" class=\"alignnone size-full wp-image-1769\" title=\"nat_exec_update_f\" alt=\"\" src=\"http:\/\/www.une-sen.org\/press\/wp-content\/uploads\/2013\/02\/nat_exec_update_f.png\" width=\"600\" height=\"400\" srcset=\"https:\/\/www.unesen.ca\/press\/wp-content\/uploads\/2013\/02\/nat_exec_update_f.png 600w, https:\/\/www.unesen.ca\/press\/wp-content\/uploads\/2013\/02\/nat_exec_update_f-300x200.png 300w\" sizes=\"(max-width: 600px) 100vw, 600px\" \/><\/p>\n<p>La salle de conf\u00e9rence est grande (et a quelque chose d\u2019officiel). Elle contient une \u00e9norme table o\u00f9 il y a tout juste assez de place pour tout le monde. Et puis, tout un tas de dirigeantes nationales et de dirigeants nationaux de tous les coins du pays sont r\u00e9unis au m\u00eame endroit.<\/p>\n<p>C\u2019est l\u00e0 que se d\u00e9roule la r\u00e9union de l\u2019Ex\u00e9cutif national. \u00c0 premi\u00e8re vue, c\u2019est un endroit intimidant.<\/p>\n<p>\u00ab\u00a0Lorsque je me suis assise \u00e0 la table, je me suis sentie p\u00e9trifi\u00e9e\u00a0\u00bb, a d\u00e9clar\u00e9 Melody Raabe, la nouvelle vice\u2011pr\u00e9sidente adjointe r\u00e9gionale du SEN pour le Manitoba.<\/p>\n<p>M<sup>me<\/sup> Raabe s\u2019est rendue \u00e0 Ottawa le mois dernier pour \u00eatre officiellement asserment\u00e9e et pour participer \u00e0 sa premi\u00e8re r\u00e9union de l\u2019Ex\u00e9cutif national.<\/p>\n<p>Tr\u00e8s rapidement, M<sup>me<\/sup> Raabe a commenc\u00e9 \u00e0 se sentir \u00e0 l\u2019aise. \u00ab\u00a0Lorsque les gens ont commenc\u00e9 \u00e0 parler, j\u2019ai tout de suite eu l\u2019impression que j\u2019\u00e9tais \u00e0 table avec ma famille\u00a0\u00bb, a-t-elle ajout\u00e9.<\/p>\n<p>Durant la r\u00e9union, l\u2019Ex\u00e9cutif national a pass\u00e9 en revue les affaires courantes, y compris les mesures prises en ce qui a trait au r\u00e9am\u00e9nagement des effectifs. La r\u00e9union a \u00e9galement permis aux membres qui font partie des \u00e9quipes de n\u00e9gociation de parler de la n\u00e9gociation collective.<\/p>\n<p>Un peu plus tard, l\u2019Ex\u00e9cutif a fait le point sur les conf\u00e9rences \u00e0 venir\u00a0: la Conf\u00e9rence de toutes les pr\u00e9sidentes et de tous les pr\u00e9sidents (C\u2019est en avril! <a href=\"..\/events\/conferences\/2013_AP\/index.php?lang=fr\">Inscrivez-vous maintenant<\/a>!), la Conf\u00e9rence sur les droits de la personne et le Congr\u00e8s\u00a02014.<\/p>\n<p>L\u2019Ex\u00e9cutif national a \u00e9galement d\u00e9cid\u00e9 de cr\u00e9er un comit\u00e9 qui se penchera sur les moyens de mobiliser les membres.<\/p>\n<p>Enfin, la pr\u00e9sidente de l\u2019AFPC, Robyn Benson, est pass\u00e9e nous voir; elle a assist\u00e9 \u00e0 une s\u00e9ance d\u2019accueil et nous a fait part de quelques\u2011unes de ses r\u00e9flexions. M<sup>me<\/sup> Benson \u00e9tait tout particuli\u00e8rement scandalis\u00e9e par le projet de loi C\u2011377, un projet de loi qui demande aux syndicats de faire preuve de \u00ab\u00a0transparence et d\u2019imputabilit\u00e9\u00a0\u00bb.<\/p>\n<p>\u00ab\u00a0C\u2019est en quelque sorte une fa\u00e7on d\u2019attaquer les syndicats parce que le projet de loi vise plus particuli\u00e8rement les syndicats ouvriers\u00a0\u00bb, a soulign\u00e9 M<sup>me<\/sup> Benson. \u00ab\u00a0On encourage nos membres \u00e0 consulter les \u00e9tats financiers [sur notre site Web]. Nous sommes ouverts et transparents; notre budget est approuv\u00e9 durant le Congr\u00e8s \u2013 les d\u00e9penses sont appropri\u00e9es.\u00a0\u00bb<\/p>\n<p>Apr\u00e8s tout cela, M<sup>me<\/sup> Raabe a dit qu\u2019elle avait vraiment beaucoup de chance de faire partie d\u2019un groupe de militants syndicaux si engag\u00e9s.<\/p>\n<p>\u00ab\u00a0J\u2019ai litt\u00e9ralement bu leurs paroles\u00a0\u00bb a-t-elle d\u00e9clar\u00e9.<\/p>\n<p>\u00ab\u00a0Ces personnes donnent tellement de leur temps, loin de leur famille, pour donner de la force \u00e0 notre syndicat \u2013 et pour combattre l\u2019injustice et l\u2019in\u00e9galit\u00e9. C\u2019est excitant pour moi parce que je crois que je suis n\u00e9e pour faire r\u00e9gner la justice. C\u2019est pour \u00e7a que je suis si fi\u00e8re de faire partie de notre syndicat et de l\u2019\u00e9quipe du SEN.\u00a0\u00bb<\/p>\n","protected":false},"excerpt":{"rendered":"<p>La salle de conf\u00e9rence est grande (et a quelque chose d\u2019officiel). Elle contient une \u00e9norme table o\u00f9 il y a tout juste assez de place pour tout le monde. Et puis, tout un tas de dirigeantes nationales et de dirigeants nationaux de tous les coins du pays sont r\u00e9unis au m\u00eame endroit. C\u2019est l\u00e0 que &hellip; <\/p>\n<p class=\"link-more\"><a href=\"https:\/\/www.unesen.ca\/press\/?p=1768&#038;lang=fr\" class=\"more-link\">>><span class=\"screen-reader-text\"> &#8220;Mise \u00e0 jour de l&#8217;ex\u00e9cutif national&#8221;<\/span><\/a><\/p>\n","protected":false},"author":3,"featured_media":0,"comment_status":"open","ping_status":"closed","sticky":false,"template":"","format":"standard","meta":{"_links_to":"","_links_to_target":""},"categories":[],"tags":[],"_links":{"self":[{"href":"https:\/\/www.unesen.ca\/press\/index.php?rest_route=\/wp\/v2\/posts\/1768"}],"collection":[{"href":"https:\/\/www.unesen.ca\/press\/index.php?rest_route=\/wp\/v2\/posts"}],"about":[{"href":"https:\/\/www.unesen.ca\/press\/index.php?rest_route=\/wp\/v2\/types\/post"}],"author":[{"embeddable":true,"href":"https:\/\/www.unesen.ca\/press\/index.php?rest_route=\/wp\/v2\/users\/3"}],"replies":[{"embeddable":true,"href":"https:\/\/www.unesen.ca\/press\/index.php?rest_route=%2Fwp%2Fv2%2Fcomments&post=1768"}],"version-history":[{"count":1,"href":"https:\/\/www.unesen.ca\/press\/index.php?rest_route=\/wp\/v2\/posts\/1768\/revisions"}],"predecessor-version":[{"id":3488,"href":"https:\/\/www.unesen.ca\/press\/index.php?rest_route=\/wp\/v2\/posts\/1768\/revisions\/3488"}],"wp:attachment":[{"href":"https:\/\/www.unesen.ca\/press\/index.php?rest_route=%2Fwp%2Fv2%2Fmedia&parent=1768"}],"wp:term":[{"taxonomy":"category","embeddable":true,"href":"https:\/\/www.unesen.ca\/press\/index.php?rest_route=%2Fwp%2Fv2%2Fcategories&post=1768"},{"taxonomy":"post_tag","embeddable":true,"href":"https:\/\/www.unesen.ca\/press\/index.php?rest_route=%2Fwp%2Fv2%2Ftags&post=1768"}],"curies":[{"name":"wp","href":"https:\/\/api.w.org\/{rel}","templated":true}]}}