{"id":1593,"date":"2012-12-10T00:01:35","date_gmt":"2012-12-10T05:01:35","guid":{"rendered":"http:\/\/www.une-sen.org\/press\/?p=1593"},"modified":"2014-02-25T18:40:46","modified_gmt":"2014-02-25T18:40:46","slug":"journee-des-droits-de-la-personne","status":"publish","type":"post","link":"https:\/\/www.unesen.ca\/press\/?p=1593&amp;lang=fr","title":{"rendered":"Journ\u00e9e des droits de la personne"},"content":{"rendered":"<p><img loading=\"lazy\" class=\"alignnone size-full wp-image-1595\" title=\"HRDAY_2012_F\" alt=\"\" src=\"http:\/\/www.une-sen.org\/press\/wp-content\/uploads\/2012\/12\/HRDAY_2012_F.png\" width=\"600\" height=\"400\" srcset=\"https:\/\/www.unesen.ca\/press\/wp-content\/uploads\/2012\/12\/HRDAY_2012_F.png 600w, https:\/\/www.unesen.ca\/press\/wp-content\/uploads\/2012\/12\/HRDAY_2012_F-300x200.png 300w\" sizes=\"(max-width: 600px) 100vw, 600px\" \/><\/p>\n<p>Aujourd\u2019hui, c\u2019est la Journ\u00e9e internationale des droits de la personne. C\u2019est l\u2019occasion de c\u00e9l\u00e9brer l\u2019adoption de D\u00e9claration universelle des droits de l&#8217;homme.<\/p>\n<p>La D\u00e9claration a \u00e9t\u00e9 adopt\u00e9e dans le sillage de la Deuxi\u00e8me Guerre mondiale. Les nazis avaient donn\u00e9 une nouvelle signification \u00e0 la guerre. Les photos des survivantes et survivants des camps de concentration ont choqu\u00e9 le monde. De nombreux dirigeants mondiaux \u00e9taient d\u00e9termin\u00e9s \u00e0 ne plus jamais laisser une telle chose se reproduire. C\u2019est ainsi que fut adopt\u00e9e la D\u00e9claration universelle des droits de l&#8217;homme en 1948 \u2013 et plus tard cette m\u00eame ann\u00e9e, la Convention pour la pr\u00e9vention et la r\u00e9pression du crime de g\u00e9nocide.<\/p>\n<p>Entre temps, au Canada, notre gouvernement fut forc\u00e9 \u00e0 examiner ses propres actions et r\u00e9aliser qu\u2019il ne pouvait se donner une sup\u00e9riorit\u00e9 morale sur la sc\u00e8ne internationale pendant qu&#8217;il essayait d\u2019\u00e9liminer une culture chez nous. Durant ce temps, le Canada interdisait certaines pratiques culturelles ou religieuses des Premi\u00e8res nations, telles que les pow-wow et les potlatchs. Quelque temps apr\u00e8s avoir sign\u00e9 la D\u00e9claration, le Canada a revis\u00e9 la Loi sur les Indiens afin de supprimer les lois les plus oppressives.<\/p>\n<p>Pour en savoir davantage sur le th\u00e8me, cette ann\u00e9e, veuillez consulter <a href=\"http:\/\/www.un.org\/fr\/events\/humanrightsday\/\">le site Web des Nations Unies<\/a>.<\/p>\n","protected":false},"excerpt":{"rendered":"<p>Aujourd\u2019hui, c\u2019est la Journ\u00e9e internationale des droits de la personne. C\u2019est l\u2019occasion de c\u00e9l\u00e9brer l\u2019adoption de D\u00e9claration universelle des droits de l&#8217;homme. La D\u00e9claration a \u00e9t\u00e9 adopt\u00e9e dans le sillage de la Deuxi\u00e8me Guerre mondiale. Les nazis avaient donn\u00e9 une nouvelle signification \u00e0 la guerre. Les photos des survivantes et survivants des camps de concentration &hellip; <\/p>\n<p class=\"link-more\"><a href=\"https:\/\/www.unesen.ca\/press\/?p=1593&#038;lang=fr\" class=\"more-link\">>><span class=\"screen-reader-text\"> &#8220;Journ\u00e9e des droits de la personne&#8221;<\/span><\/a><\/p>\n","protected":false},"author":3,"featured_media":0,"comment_status":"open","ping_status":"closed","sticky":false,"template":"","format":"standard","meta":{"_links_to":"","_links_to_target":""},"categories":[],"tags":[],"_links":{"self":[{"href":"https:\/\/www.unesen.ca\/press\/index.php?rest_route=\/wp\/v2\/posts\/1593"}],"collection":[{"href":"https:\/\/www.unesen.ca\/press\/index.php?rest_route=\/wp\/v2\/posts"}],"about":[{"href":"https:\/\/www.unesen.ca\/press\/index.php?rest_route=\/wp\/v2\/types\/post"}],"author":[{"embeddable":true,"href":"https:\/\/www.unesen.ca\/press\/index.php?rest_route=\/wp\/v2\/users\/3"}],"replies":[{"embeddable":true,"href":"https:\/\/www.unesen.ca\/press\/index.php?rest_route=%2Fwp%2Fv2%2Fcomments&post=1593"}],"version-history":[{"count":1,"href":"https:\/\/www.unesen.ca\/press\/index.php?rest_route=\/wp\/v2\/posts\/1593\/revisions"}],"predecessor-version":[{"id":3504,"href":"https:\/\/www.unesen.ca\/press\/index.php?rest_route=\/wp\/v2\/posts\/1593\/revisions\/3504"}],"wp:attachment":[{"href":"https:\/\/www.unesen.ca\/press\/index.php?rest_route=%2Fwp%2Fv2%2Fmedia&parent=1593"}],"wp:term":[{"taxonomy":"category","embeddable":true,"href":"https:\/\/www.unesen.ca\/press\/index.php?rest_route=%2Fwp%2Fv2%2Fcategories&post=1593"},{"taxonomy":"post_tag","embeddable":true,"href":"https:\/\/www.unesen.ca\/press\/index.php?rest_route=%2Fwp%2Fv2%2Ftags&post=1593"}],"curies":[{"name":"wp","href":"https:\/\/api.w.org\/{rel}","templated":true}]}}