{"id":1542,"date":"2012-12-03T07:14:52","date_gmt":"2012-12-03T12:14:52","guid":{"rendered":"http:\/\/www.une-sen.org\/press\/?p=1542"},"modified":"2014-02-25T18:41:51","modified_gmt":"2014-02-25T18:41:51","slug":"nous-devons-rapprocher-le-monde","status":"publish","type":"post","link":"https:\/\/www.unesen.ca\/press\/?p=1542&amp;lang=fr","title":{"rendered":"Nous devons rapprocher le monde"},"content":{"rendered":"<p><img loading=\"lazy\" class=\"alignnone size-full wp-image-1543\" title=\"IDPD_2012_f\" alt=\"\" src=\"http:\/\/www.une-sen.org\/press\/wp-content\/uploads\/2012\/11\/IDPD_2012_f.png\" width=\"600\" height=\"400\" srcset=\"https:\/\/www.unesen.ca\/press\/wp-content\/uploads\/2012\/11\/IDPD_2012_f.png 600w, https:\/\/www.unesen.ca\/press\/wp-content\/uploads\/2012\/11\/IDPD_2012_f-300x200.png 300w\" sizes=\"(max-width: 600px) 100vw, 600px\" \/><\/p>\n<p>Tout le monde savait que j\u2019\u00e9tais \u00ab\u00a0diff\u00e9rent\u00a0\u00bb\u00a0\u2013 tout le monde sauf moi.<\/p>\n<p>Ma famille a tout fait pour que je n\u2019aie pas l\u2019impression d\u2019\u00eatre \u00ab\u00a0diff\u00e9rent\u00a0\u00bb. Les autres ont pris grand plaisir \u00e0 rappeler mon handicap \u00e0 mes parents et \u00e0 mes fr\u00e8res et s\u0153urs\u00a0\u2013 et \u00e0 moi aussi. Certains, croyez-le ou non, pensaient nous aider. Certains l\u2019ont fait simplement pour \u00eatre dr\u00f4les, mais d\u2019autres l\u2019ont fait pour \u00eatre m\u00e9chants.<\/p>\n<p>Peu importe, je sais comment, moi, je me suis senti.<\/p>\n<p>J\u2019ai appris tr\u00e8s jeune que je devais m\u2019endurcir si je voulais accepter ma diff\u00e9rence. Apr\u00e8s tout, on me rappelait tous les jours que j\u2019\u00e9tais handicap\u00e9. Parfois, c\u2019\u00e9tait intentionnel, et d\u2019autres fois, c\u2019\u00e9tait accidentel \u2013 mais on me le rappelait quand m\u00eame.<\/p>\n<p>Je me souviens de m\u2019\u00eatre trouv\u00e9 dans un ascenseur avec un homme et son petit gar\u00e7on. Lorsque je suis sorti de l\u2019ascenseur, j\u2019ai entendu l\u2019enfant demander \u00e0 son p\u00e8re\u00a0: \u00ab\u00a0Pourquoi est\u2011ce qu\u2019il marche comme \u00e7a le monsieur?\u00a0\u00bb. Son p\u00e8re lui a r\u00e9pondu rapidement en baissant la voix\u00a0: \u00ab\u00a0Ne pose pas de questions\u00a0\u00bb.<\/p>\n<p>Pourquoi? De quoi a-t-on peur? Peur d\u2019offenser? Si vous m\u2019\u00e9vitez, que vous faites comme si je n\u2019\u00e9tais pas l\u00e0 ou que vous riez de moi \u2013 croyez-vous que je ne serai pas offens\u00e9? Peur de l\u2019embarras? Qui est r\u00e9ellement embarrass\u00e9? Vous ou moi?<\/p>\n<p>J\u2019aimerais que tout le monde ait l\u2019assurance de ce petit gar\u00e7on; j\u2019aimerais que les gens aient le courage de poser des questions sans juger pour satisfaire leur curiosit\u00e9. J\u2019aimerais que tout le monde m\u2019accepte simplement comme je suis.<\/p>\n<p>Oui, je suis diff\u00e9rent. Mais vous l\u2019\u00eates aussi. Il faut \u00eatre diff\u00e9rent dans la vie! Pouvez\u2011vous imaginer comment la vie serait ennuyante si les 8,3\u00a0milliards de personnes sur la Terre \u00e9taient identiques?<\/p>\n<p>Nous devons tous trouver des moyens de rassembler les gens, pas de les s\u00e9parer.<\/p>\n<p><em>L\u2019unit\u00e9 dans la diversit\u00e9<\/em> devrait \u00eatre c\u00e9l\u00e9br\u00e9e tous les jours. En cette Journ\u00e9e internationale des personnes handicap\u00e9es, faites un effort et demandez \u00e0 une personne de vous raconter son histoire \u2013 et racontez\u2011lui la v\u00f4tre.<\/p>\n<p>Vous serez peut-\u00eatre surpris de ce que vous apprendrez \u2013 sur elle\u2026et sur vous\u2011m\u00eame!<\/p>\n<p><em>Michael Freeman est le repr\u00e9sentant r\u00e9gional aux droits de la personne, pour l\u2019Ontario, du Syndicat des employ\u00e9es et employ\u00e9s nationaux.<\/em><\/p>\n","protected":false},"excerpt":{"rendered":"<p>Tout le monde savait que j\u2019\u00e9tais \u00ab\u00a0diff\u00e9rent\u00a0\u00bb\u00a0\u2013 tout le monde sauf moi. Ma famille a tout fait pour que je n\u2019aie pas l\u2019impression d\u2019\u00eatre \u00ab\u00a0diff\u00e9rent\u00a0\u00bb. Les autres ont pris grand plaisir \u00e0 rappeler mon handicap \u00e0 mes parents et \u00e0 mes fr\u00e8res et s\u0153urs\u00a0\u2013 et \u00e0 moi aussi. Certains, croyez-le ou non, pensaient nous aider. &hellip; <\/p>\n<p class=\"link-more\"><a href=\"https:\/\/www.unesen.ca\/press\/?p=1542&#038;lang=fr\" class=\"more-link\">>><span class=\"screen-reader-text\"> &#8220;Nous devons rapprocher le monde&#8221;<\/span><\/a><\/p>\n","protected":false},"author":3,"featured_media":0,"comment_status":"open","ping_status":"closed","sticky":false,"template":"","format":"standard","meta":{"_links_to":"","_links_to_target":""},"categories":[],"tags":[],"_links":{"self":[{"href":"https:\/\/www.unesen.ca\/press\/index.php?rest_route=\/wp\/v2\/posts\/1542"}],"collection":[{"href":"https:\/\/www.unesen.ca\/press\/index.php?rest_route=\/wp\/v2\/posts"}],"about":[{"href":"https:\/\/www.unesen.ca\/press\/index.php?rest_route=\/wp\/v2\/types\/post"}],"author":[{"embeddable":true,"href":"https:\/\/www.unesen.ca\/press\/index.php?rest_route=\/wp\/v2\/users\/3"}],"replies":[{"embeddable":true,"href":"https:\/\/www.unesen.ca\/press\/index.php?rest_route=%2Fwp%2Fv2%2Fcomments&post=1542"}],"version-history":[{"count":1,"href":"https:\/\/www.unesen.ca\/press\/index.php?rest_route=\/wp\/v2\/posts\/1542\/revisions"}],"predecessor-version":[{"id":3506,"href":"https:\/\/www.unesen.ca\/press\/index.php?rest_route=\/wp\/v2\/posts\/1542\/revisions\/3506"}],"wp:attachment":[{"href":"https:\/\/www.unesen.ca\/press\/index.php?rest_route=%2Fwp%2Fv2%2Fmedia&parent=1542"}],"wp:term":[{"taxonomy":"category","embeddable":true,"href":"https:\/\/www.unesen.ca\/press\/index.php?rest_route=%2Fwp%2Fv2%2Fcategories&post=1542"},{"taxonomy":"post_tag","embeddable":true,"href":"https:\/\/www.unesen.ca\/press\/index.php?rest_route=%2Fwp%2Fv2%2Ftags&post=1542"}],"curies":[{"name":"wp","href":"https:\/\/api.w.org\/{rel}","templated":true}]}}