{"id":1511,"date":"2012-11-27T16:57:46","date_gmt":"2012-11-27T21:57:46","guid":{"rendered":"http:\/\/www.une-sen.org\/press\/?p=1511"},"modified":"2014-02-25T18:42:48","modified_gmt":"2014-02-25T18:42:48","slug":"colloque-de-la-rcn-ct-un-grand-succes","status":"publish","type":"post","link":"https:\/\/www.unesen.ca\/press\/?p=1511&amp;lang=fr","title":{"rendered":"Colloque de la RCN-CT: un grand succ\u00e8s"},"content":{"rendered":"<p><img loading=\"lazy\" class=\"alignnone size-full wp-image-1512\" title=\"ncrtbsem_f\" alt=\"\" src=\"http:\/\/www.une-sen.org\/press\/wp-content\/uploads\/2012\/11\/ncrtbsem_f.png\" width=\"600\" height=\"400\" srcset=\"https:\/\/www.unesen.ca\/press\/wp-content\/uploads\/2012\/11\/ncrtbsem_f.png 600w, https:\/\/www.unesen.ca\/press\/wp-content\/uploads\/2012\/11\/ncrtbsem_f-300x200.png 300w\" sizes=\"(max-width: 600px) 100vw, 600px\" \/><\/p>\n<p>La fin de semaine derni\u00e8re, des membres de la RCN-CT ont tenu un colloque r\u00e9gional qui passera \u00e0 l\u2019histoire. En effet, c\u2019\u00e9tait la toute premi\u00e8re fois que le greffier du Conseil priv\u00e9 participait \u00e0 un \u00e9v\u00e9nement du syndicat depuis la cr\u00e9ation de l\u2019AFPC.<\/p>\n<p>Wolfgang Schulz, de la section locale\u00a070183, a d\u00e9clar\u00e9 que la participation de Wayne Wouters au groupe d\u2019experts a \u00e9t\u00e9 l\u2019un des points saillants du colloque.<\/p>\n<p>\u00ab\u00a0J\u2019ai vraiment aim\u00e9 ce qu&#8217;il a dit et la fa\u00e7on dont il a d\u00e9crit ce qu\u2019il fait pour la fonction publique\u00a0\u00bb, a mentionn\u00e9 M.\u00a0Schulz.<\/p>\n<p>L\u2019\u00e9quipe r\u00e9gionale avait organis\u00e9 une discussion avec le groupe d\u2019experts, notamment David MacDonald, \u00e9conomiste en chef du Centre canadien de politiques alternatives, Mathieu Ravignat, d\u00e9put\u00e9 du NPD (Pontiac), Wayne Wouters, greffier du Conseil priv\u00e9, et Larry Rousseau, vice-pr\u00e9sident ex\u00e9cutif r\u00e9gional pour la r\u00e9gion de la capitale nationale de l\u2019AFPC.<\/p>\n<p>\u00ab\u00a0Je suis tr\u00e8s satisfait du d\u00e9roulement du colloque Nous voulions faire quelque chose de diff\u00e9rent, et je crois que nous avons r\u00e9ussi \u00bb, a d\u00e9clar\u00e9 Richard Balance, vice-pr\u00e9sident r\u00e9gional. \u00ab\u00a0Nous avons chang\u00e9 notre fa\u00e7on de faire, et je crois que cela incitera les membres \u00e0 participer davantage.\u00a0\u00bb<\/p>\n<p>Le colloque de deux jours comportait aussi un certain nombre d\u2019ateliers et de s\u00e9ances. Parmi les sujets abord\u00e9s, mentionnons, entre autres, la structure de notre syndicat, les droits de la personne, la tenue d\u2019une assembl\u00e9e g\u00e9n\u00e9rale annuelle et les finances des sections locales.<\/p>\n<p>Nous avons pris plusieurs photos durant le colloque. Vous pouvez aller les voir sur <a href=\"http:\/\/www.flickr.com\/photos\/element_national_component\/sets\/72157632106660445\/\">Flickr<\/a>!<\/p>\n","protected":false},"excerpt":{"rendered":"<p>La fin de semaine derni\u00e8re, des membres de la RCN-CT ont tenu un colloque r\u00e9gional qui passera \u00e0 l\u2019histoire. En effet, c\u2019\u00e9tait la toute premi\u00e8re fois que le greffier du Conseil priv\u00e9 participait \u00e0 un \u00e9v\u00e9nement du syndicat depuis la cr\u00e9ation de l\u2019AFPC. Wolfgang Schulz, de la section locale\u00a070183, a d\u00e9clar\u00e9 que la participation de &hellip; <\/p>\n<p class=\"link-more\"><a href=\"https:\/\/www.unesen.ca\/press\/?p=1511&#038;lang=fr\" class=\"more-link\">>><span class=\"screen-reader-text\"> &#8220;Colloque de la RCN-CT: un grand succ\u00e8s&#8221;<\/span><\/a><\/p>\n","protected":false},"author":3,"featured_media":0,"comment_status":"open","ping_status":"closed","sticky":false,"template":"","format":"standard","meta":{"_links_to":"","_links_to_target":""},"categories":[],"tags":[],"_links":{"self":[{"href":"https:\/\/www.unesen.ca\/press\/index.php?rest_route=\/wp\/v2\/posts\/1511"}],"collection":[{"href":"https:\/\/www.unesen.ca\/press\/index.php?rest_route=\/wp\/v2\/posts"}],"about":[{"href":"https:\/\/www.unesen.ca\/press\/index.php?rest_route=\/wp\/v2\/types\/post"}],"author":[{"embeddable":true,"href":"https:\/\/www.unesen.ca\/press\/index.php?rest_route=\/wp\/v2\/users\/3"}],"replies":[{"embeddable":true,"href":"https:\/\/www.unesen.ca\/press\/index.php?rest_route=%2Fwp%2Fv2%2Fcomments&post=1511"}],"version-history":[{"count":1,"href":"https:\/\/www.unesen.ca\/press\/index.php?rest_route=\/wp\/v2\/posts\/1511\/revisions"}],"predecessor-version":[{"id":3508,"href":"https:\/\/www.unesen.ca\/press\/index.php?rest_route=\/wp\/v2\/posts\/1511\/revisions\/3508"}],"wp:attachment":[{"href":"https:\/\/www.unesen.ca\/press\/index.php?rest_route=%2Fwp%2Fv2%2Fmedia&parent=1511"}],"wp:term":[{"taxonomy":"category","embeddable":true,"href":"https:\/\/www.unesen.ca\/press\/index.php?rest_route=%2Fwp%2Fv2%2Fcategories&post=1511"},{"taxonomy":"post_tag","embeddable":true,"href":"https:\/\/www.unesen.ca\/press\/index.php?rest_route=%2Fwp%2Fv2%2Ftags&post=1511"}],"curies":[{"name":"wp","href":"https:\/\/api.w.org\/{rel}","templated":true}]}}