{"id":1500,"date":"2012-12-06T07:03:16","date_gmt":"2012-12-06T12:03:16","guid":{"rendered":"http:\/\/www.une-sen.org\/press\/?p=1500"},"modified":"2014-02-25T18:41:15","modified_gmt":"2014-02-25T18:41:15","slug":"journee-nationale-de-commemoration-et-daction-contre-la-violence-faite-aux-femmes","status":"publish","type":"post","link":"https:\/\/www.unesen.ca\/press\/?p=1500&amp;lang=fr","title":{"rendered":"Comm\u00e9moration et action contre la violence faite aux femmes"},"content":{"rendered":"<p><img loading=\"lazy\" class=\"alignnone size-full wp-image-1501\" title=\"dec6_2012_f\" alt=\"\" src=\"http:\/\/www.une-sen.org\/press\/wp-content\/uploads\/2012\/11\/dec6_2012_f.png\" width=\"600\" height=\"400\" srcset=\"https:\/\/www.unesen.ca\/press\/wp-content\/uploads\/2012\/11\/dec6_2012_f.png 600w, https:\/\/www.unesen.ca\/press\/wp-content\/uploads\/2012\/11\/dec6_2012_f-300x200.png 300w\" sizes=\"(max-width: 600px) 100vw, 600px\" \/><\/p>\n<p>Le 6\u00a0d\u00e9cembre\u00a01989, Marc L\u00e9pine, un jeune homme de 25\u00a0ans, entrait \u00e0 l\u2019\u00c9cole Polytechnique \u00e0 Montr\u00e9al et tirait sur 28\u00a0personnes avant de retourner l\u2019arme contre lui. L\u00e9pine, qui a tir\u00e9 sur des femmes pr\u00e9cis\u00e9ment en raison de leur sexe, en a tu\u00e9 14 ce jour-l\u00e0. La Journ\u00e9e nationale de comm\u00e9moration et d\u2019action contre la violence faite aux femmes nous permet de rappeler \u00e0 notre souvenir celles qui sont d\u00e9c\u00e9d\u00e9es ce jour-l\u00e0 et de prendre des mesures pour emp\u00eacher que d\u2019autres femmes soient victimes de violence.<\/p>\n<p>La violence faite aux femmes s\u2019exprime sous plusieurs formes. En\u00a02010, sept victimes sur 10 dans les cas de violence familiale d\u00e9clar\u00e9s \u00e0 la police \u00e9taient des filles ou des femmes[1]. Entre avril\u00a02007 et mars\u00a02008, les maisons d\u2019h\u00e9bergement pour femmes victimes de violence au Canada ont accueilli environ 62\u00a0000\u00a0femmes et 38\u00a0000\u00a0enfants. Les femmes sont environ trois fois plus susceptibles que les hommes d\u2019\u00eatre victimes d\u2019un homicide entre conjoints[2].<\/p>\n<p>Lorsqu\u2019on parle de violence faite aux femmes, il est souvent question de violence familiale. Cependant, nombreuses sont les femmes victimes de violence en milieu de travail, notamment d\u2019agressions, de harc\u00e8lement sexuel, d\u2019intimidation et de harc\u00e8lement fond\u00e9 sur la race, le handicap, l\u2019orientation sexuelle et la religion.<\/p>\n<p>Dans une <a href=\"http:\/\/www.crvawc.ca\/documents\/harrassment_report-fr.pdf\">\u00e9tude r\u00e9alis\u00e9e en 2004 par le Centre for Research and Education on Violence Against Women and Children<\/a>, les chercheurs ont conclu que les femmes \u00ab\u00a0paient bien des co\u00fbts physiques, affectifs et mon\u00e9taires li\u00e9s au harc\u00e8lement[3] \u00bb. Les r\u00e9percussions ne se limitent pas au milieu de travail; le fardeau psychologique et \u00e9conomique a souvent des r\u00e9percussions sur la vie familiale de la femme. Ces femmes trouvent diff\u00e9rentes fa\u00e7ons de faire face \u00e0 ce qui leur arrive\u00a0:<\/p>\n<blockquote><p>\u00ab\u00a0Certains m\u00e9canismes de survie peuvent faire cesser le harc\u00e8lement, d\u2019autres visent simplement \u00e0 les aider \u00e0 traverser leur journ\u00e9e de travail.\u00a0 Alors que certaines femmes d\u00e9cident de confronter leur harceleur, la plupart d\u2019entre elles r\u00e9agissent d\u2019autres fa\u00e7ons, par exemple, en \u00e9vitant le harceleur, en niant ce qui leur arrive et en se bl\u00e2mant[4].\u00a0\u00bb<\/p><\/blockquote>\n<p>Le <a href=\"http:\/\/www.crvawc.ca\/documents\/WorkplaceHarassmentandViolencereport.pdf\">rapport<\/a> formule un certain nombre de suggestions pour les syndicats, notamment offrir la formation appropri\u00e9e, permettre aux femmes d\u2019\u00eatre accompagn\u00e9es par une personne de confiance dans les r\u00e9unions avec leurs repr\u00e9sentants syndicaux et d\u00e9terminer s\u2019il vaut mieux pour la plaignante que l\u2019on traite sa plainte par un grief, un processus \u00e9tabli par l\u2019employeur ou un processus employeur\/syndicat.<\/p>\n<p>Pour obtenir plus de renseignements au sujet de la violence en milieu de travail, cliquez sur le lien suivant\u00a0: <a href=\"http:\/\/www.ccohs.ca\/oshanswers\/psychosocial\/violence.html\">Centre canadien d\u2019hygi\u00e8ne et de s\u00e9curit\u00e9 au travail<\/a>. Si vous connaissez une femme victime de violence, <a href=\"http:\/\/www.hc-sc.gc.ca\/hl-vs\/violence\/index-eng.php\">Sant\u00e9 Canada<\/a> recommande que vous communiquiez avec les services suivants de votre collectivit\u00e9\u00a0: maison d\u2019h\u00e9bergement ou de transition, services de police, services aux victimes, centre d\u2019aide ou ligne d\u2019\u00e9coute t\u00e9l\u00e9phonique, centre pour femmes, services sociaux ou centre de soins de sant\u00e9.<\/p>\n<hr size=\"1\" \/>\n<p>[1] Marie, S. (2012) La violence familiale au Canada :\u00a0 un profil statistique, 2010. Statistique Canada, article de <em>Juristat<\/em>. T\u00e9l\u00e9charg\u00e9 \u00e0 l\u2019adresse suivante\u00a0: <a href=\"http:\/\/www.statcan.gc.ca\/pub\/85-002-x\/2012001\/article\/11643-fra.pdf\">http:\/\/www.statcan.gc.ca\/pub\/85-002-x\/2012001\/article\/11643-fra.pdf<\/a><\/p>\n<p>[2] Beattie, S. et A. Cotter (2009) L\u2019homicide au Canada. Statistique Canada. T\u00e9l\u00e9charg\u00e9 \u00e0 l\u2019adresse suivante\u00a0: <a href=\"http:\/\/www.statcan.gc.ca\/pub\/85-002-x\/2010003\/article\/11352-fra.htm\">http:\/\/www.statcan.gc.ca\/pub\/85-002-x\/2010003\/article\/11352-fra.htm<\/a><strong> <\/strong><\/p>\n<p>[3] Carr, J., A. Huntley, B. MacQuarri et S. Welsh (2004) Rapport sur la violence et le harc\u00e8lement en milieu de travail. Centre for Research on Violence Against Women and Children. T\u00e9l\u00e9charg\u00e9 \u00e0 l\u2019adresse suivante\u00a0: <a href=\"http:\/\/www.crvawc.ca\/documents\/harrassment_report-fr.pdf\">http:\/\/www.crvawc.ca\/documents\/harrassment_report-fr.pdf<\/a><\/p>\n<p>[4] Carr, J., A. Huntley, B. MacQuarri et S. Welsh (2004) Rapport sur la violence et le harc\u00e8lement en milieu de travail. Centre for Research on Violence Against Women and Children. T\u00e9l\u00e9charg\u00e9 \u00e0 l\u2019adresse suivante\u00a0: <a href=\"http:\/\/www.crvawc.ca\/documents\/harrassment_report-fr.pdf\">http:\/\/www.crvawc.ca\/documents\/harrassment_report-fr.pdf<\/a><\/p>\n","protected":false},"excerpt":{"rendered":"<p>Le 6\u00a0d\u00e9cembre\u00a01989, Marc L\u00e9pine, un jeune homme de 25\u00a0ans, entrait \u00e0 l\u2019\u00c9cole Polytechnique \u00e0 Montr\u00e9al et tirait sur 28\u00a0personnes avant de retourner l\u2019arme contre lui. L\u00e9pine, qui a tir\u00e9 sur des femmes pr\u00e9cis\u00e9ment en raison de leur sexe, en a tu\u00e9 14 ce jour-l\u00e0. La Journ\u00e9e nationale de comm\u00e9moration et d\u2019action contre la violence faite &hellip; <\/p>\n<p class=\"link-more\"><a href=\"https:\/\/www.unesen.ca\/press\/?p=1500&#038;lang=fr\" class=\"more-link\">>><span class=\"screen-reader-text\"> &#8220;Comm\u00e9moration et action contre la violence faite aux femmes&#8221;<\/span><\/a><\/p>\n","protected":false},"author":3,"featured_media":0,"comment_status":"open","ping_status":"open","sticky":false,"template":"","format":"standard","meta":{"_links_to":"","_links_to_target":""},"categories":[],"tags":[],"_links":{"self":[{"href":"https:\/\/www.unesen.ca\/press\/index.php?rest_route=\/wp\/v2\/posts\/1500"}],"collection":[{"href":"https:\/\/www.unesen.ca\/press\/index.php?rest_route=\/wp\/v2\/posts"}],"about":[{"href":"https:\/\/www.unesen.ca\/press\/index.php?rest_route=\/wp\/v2\/types\/post"}],"author":[{"embeddable":true,"href":"https:\/\/www.unesen.ca\/press\/index.php?rest_route=\/wp\/v2\/users\/3"}],"replies":[{"embeddable":true,"href":"https:\/\/www.unesen.ca\/press\/index.php?rest_route=%2Fwp%2Fv2%2Fcomments&post=1500"}],"version-history":[{"count":1,"href":"https:\/\/www.unesen.ca\/press\/index.php?rest_route=\/wp\/v2\/posts\/1500\/revisions"}],"predecessor-version":[{"id":3505,"href":"https:\/\/www.unesen.ca\/press\/index.php?rest_route=\/wp\/v2\/posts\/1500\/revisions\/3505"}],"wp:attachment":[{"href":"https:\/\/www.unesen.ca\/press\/index.php?rest_route=%2Fwp%2Fv2%2Fmedia&parent=1500"}],"wp:term":[{"taxonomy":"category","embeddable":true,"href":"https:\/\/www.unesen.ca\/press\/index.php?rest_route=%2Fwp%2Fv2%2Fcategories&post=1500"},{"taxonomy":"post_tag","embeddable":true,"href":"https:\/\/www.unesen.ca\/press\/index.php?rest_route=%2Fwp%2Fv2%2Ftags&post=1500"}],"curies":[{"name":"wp","href":"https:\/\/api.w.org\/{rel}","templated":true}]}}