{"id":1429,"date":"2012-11-22T10:31:13","date_gmt":"2012-11-22T15:31:13","guid":{"rendered":"http:\/\/www.une-sen.org\/press\/?p=1429"},"modified":"2014-02-25T18:44:16","modified_gmt":"2014-02-25T18:44:16","slug":"protegeons-la-prairie","status":"publish","type":"post","link":"https:\/\/www.unesen.ca\/press\/?p=1429&amp;lang=fr","title":{"rendered":"Prot\u00e9geons la prairie"},"content":{"rendered":"<p><img loading=\"lazy\" class=\"alignnone size-full wp-image-1430\" title=\"protectprairies_f\" alt=\"\" src=\"http:\/\/www.une-sen.org\/press\/wp-content\/uploads\/2012\/11\/protectprairies_f.png\" width=\"600\" height=\"400\" srcset=\"https:\/\/www.unesen.ca\/press\/wp-content\/uploads\/2012\/11\/protectprairies_f.png 600w, https:\/\/www.unesen.ca\/press\/wp-content\/uploads\/2012\/11\/protectprairies_f-300x200.png 300w\" sizes=\"(max-width: 600px) 100vw, 600px\" \/><\/p>\n<p>Omar Murray, vice-pr\u00e9sident r\u00e9gional de notre syndicat en Saskatchewan, nous a r\u00e9cemment parl\u00e9 d\u2019une campagne tr\u00e8s importante organis\u00e9e par nos confr\u00e8res et cons\u0153urs du Syndicat de l\u2019agriculture. Nous vous encourageons \u00e0 consulter le site <a href=\"http:\/\/protecttheprairie.ca\/fr\/index.html\">Prot\u00e9geons la prairie<\/a> et \u00e0 signer la p\u00e9tition. Mais, tout d\u2019abord, voici ce que vous devez savoir \u00e0 ce sujet (eh oui! c\u2019est l\u2019heure d\u2019une toute petite le\u00e7on d\u2019histoire!).<\/p>\n<p>Au d\u00e9but des ann\u00e9es 1930, le monde occidental se d\u00e9menait pour survivre \u00e0 la Crise de 1929. Au Canada, l\u2019ouest des Prairies et la Colombie-Britannique ont \u00e9t\u00e9 les r\u00e9gions les plus touch\u00e9es. En raison d\u2019une p\u00e9riode d\u2019extr\u00eame s\u00e9cheresse et de pratiques agricoles irresponsables, de terribles temp\u00eates de poussi\u00e8re ont commenc\u00e9 \u00e0 se d\u00e9cha\u00eener (la crise ne touchait pas que le milieu financier).<\/p>\n<p><strong>Le gouvernement f\u00e9d\u00e9ral entre en sc\u00e8ne<\/strong><\/p>\n<p>En 1935, le gouvernement fait face \u00e0 un exode massif de citoyens qui quittent les Prairies pour trouver du travail ailleurs \u2013il y avait aussi de graves probl\u00e8mes environnementaux dans les Prairies. C\u2019est ainsi qu\u2019est n\u00e9e l\u2019Administration du r\u00e9tablissement agricole des Prairies (ARAP) en 1935.<\/p>\n<p>L\u2019ARAP illustre bien comment le gouvernement peut aider. Malgr\u00e9 ce que certains de vos amis conservateurs peuvent vous dire, il faut parfois avoir une organisation importante pour r\u00e9gler des probl\u00e8mes importants.<\/p>\n<blockquote><p>L&#8217;ARAP est cr\u00e9\u00e9e pour traiter les probl\u00e8mes d&#8217;\u00e9rosion des sols (et les probl\u00e8mes connexes de\u00a0conservation des sols) et de p\u00e9nurie de ressources en eau aux fins du d\u00e9veloppement agricole. Des programmes d&#8217;urgence sont institu\u00e9s pour lutter contre la s\u00e9cheresse d\u00e9vastatrice\u00a0: \u00e9tangs-r\u00e9servoirs creus\u00e9s sur les fermes pour retenir l&#8217;eau servant \u00e0 abreuver le b\u00e9tail, culture en bandes alternantes pour pr\u00e9venir la d\u00e9flation g\u00e9n\u00e9rale des sols, ensemencement des terres abandonn\u00e9es pour en faire des p\u00e2turages communautaires et grands projets de plantation d&#8217;arbres pour prot\u00e9ger le sol contre l&#8217;\u00e9rosion \u00e9olienne<sup>1<\/sup>.<\/p><\/blockquote>\n<p>Et \u00e7a a march\u00e9! Le programme existe encore aujourd\u2019hui.<\/p>\n<blockquote><p>L&#8217;ARAP administre 87 p\u00e2turages communaux dans les Prairies, repr\u00e9sentant 900\u00a0000 hectares. La plupart ont \u00e9t\u00e9 am\u00e9nag\u00e9s dans les ann\u00e9es 1930, \u00e0 la suite de la s\u00e9cheresse. Ces p\u00e2turages profitent aux fermes locales tout en prot\u00e9geant les terres fragiles de l\u2019\u00e9rosion et en favorisant la biodiversit\u00e9. [&#8230;]\u00a0Le Centre de brise-vent de l&#8217;ARAP distribue des plants d&#8217;arbres et d&#8217;arbustes aux propri\u00e9taires fonciers des Prairies qui peuvent les planter sur leur exploitation agricole, en bordure de champs, comme habitat faunique ou pour l&#8217;agrosylviculture<sup>2<\/sup>.<\/p><\/blockquote>\n<p><strong>Le gouvernement conservateur d\u2019aujourd\u2019hui entre en sc\u00e8ne<\/strong><\/p>\n<p>Le gouvernement f\u00e9d\u00e9ral a r\u00e9cemment annonc\u00e9 qu\u2019il souhaite c\u00e9der aux provinces les terres appartenant \u00e0 la Couronne. La Saskatchewan pr\u00e9voit vendre les terres, et le Manitoba pourrait faire la m\u00eame chose. Le ministre de l\u2019Agriculture de la Saskatchewan affirme que le gouvernement a l\u2019intention de vendre ou de louer en bloc les p\u00e2turages aux utilisateurs actuels. Cependant, le Syndicat de l\u2019agriculture n\u2019est pas convaincu que cela est vraiment r\u00e9aliste.<\/p>\n<p>\u00ab\u00a0Le plan de la Saskatchewan ne peut pas fonctionner parce que le prix des terres est trop \u00e9lev\u00e9. La plupart des producteurs n\u2019auront pas les moyens de les acheter. Le gouvernement f\u00e9d\u00e9ral fait la sourde oreille aux requ\u00eates des agriculteurs et des grands \u00e9leveurs\u00a0\u00bb, d\u00e9clare Milton Dyck du Syndicat de l\u2019Agriculture.<\/p>\n<p>M.\u00a0Dyck affirme que les agriculteurs et les grands \u00e9leveurs ont les m\u00eames pr\u00e9occupations que notre syndicat en ce qui a trait \u00e0 la protection de l\u2019environnement et \u00e0 la conservation de ces terres qui ont valeur de symbole pour les g\u00e9n\u00e9rations futures.<\/p>\n<p>Au Syndicat des employ\u00e9es et employ\u00e9s nationaux, Omar Murray est tout particuli\u00e8rement pr\u00e9occup\u00e9 par la disparition du Centre de d\u00e9veloppement de l\u2019agroforesterie (anciennement le Centre de brise-vent de l\u2019ARAP).<\/p>\n<p>\u00ab\u00a0Presque tous les arbres que l\u2019on peut voir dans le Sud de la Saskatchewan sur les fermes ou dans le brise-vent ont \u00e9t\u00e9 plant\u00e9s par quelqu\u2019un\u00a0\u00bb, a mentionn\u00e9 M.\u00a0Murray. \u00ab Il ne faut pas abandonner ce programme. Les arbres sont essentiels \u00e0 la survie de la plan\u00e8te.\u00a0\u00bb<\/p>\n<hr size=\"1\" \/>\n<p>[1] Gilson, J.C. Administration du r\u00e9tablissement agricole des Prairies. L\u2019Encyclop\u00e9die canadienne. Consult\u00e9 sur <a href=\"http:\/\/www.thecanadianencyclopedia.com\/articles\/fr\/administration-du-retablissement-agricole-des-prairies\">http:\/\/www.thecanadianencyclopedia.com\/articles\/fr\/administration-du-retablissement-agricole-des-prairies<\/a>.<\/p>\n<p><a href=\"file:\/\/\/C:\/Users\/Benoit%20Rene\/AppData\/Local\/Microsoft\/Windows\/Temporary%20Internet%20Files\/Content.Outlook\/PWAM24MO\/PFRA_FR.docx#_ftnref2\">[<\/a>2<a href=\"file:\/\/\/C:\/Users\/Benoit%20Rene\/AppData\/Local\/Microsoft\/Windows\/Temporary%20Internet%20Files\/Content.Outlook\/PWAM24MO\/PFRA_FR.docx#_ftnref2\">]<\/a> Premier rapport du Canada sur les activit\u00e9s nationales de mise en \u0153uvre de la Convention des Nations Unies sur la lutte contre la d\u00e9sertification. Consult\u00e9 sur <a href=\"http:\/\/www.acdi-cida.gc.ca\/INET\/IMAGES.NSF\/vLUImages\/desertification2002\/%24file\/RapDes-f.pdf\">http:\/\/www.acdi-cida.gc.ca\/INET\/IMAGES.NSF\/vLUImages\/desertification2002\/%24file\/RapDes-f.pdf<\/a>.<\/p>\n","protected":false},"excerpt":{"rendered":"<p>Omar Murray, vice-pr\u00e9sident r\u00e9gional de notre syndicat en Saskatchewan, nous a r\u00e9cemment parl\u00e9 d\u2019une campagne tr\u00e8s importante organis\u00e9e par nos confr\u00e8res et cons\u0153urs du Syndicat de l\u2019agriculture. Nous vous encourageons \u00e0 consulter le site Prot\u00e9geons la prairie et \u00e0 signer la p\u00e9tition. Mais, tout d\u2019abord, voici ce que vous devez savoir \u00e0 ce sujet (eh &hellip; <\/p>\n<p class=\"link-more\"><a href=\"https:\/\/www.unesen.ca\/press\/?p=1429&#038;lang=fr\" class=\"more-link\">>><span class=\"screen-reader-text\"> &#8220;Prot\u00e9geons la prairie&#8221;<\/span><\/a><\/p>\n","protected":false},"author":3,"featured_media":0,"comment_status":"open","ping_status":"open","sticky":false,"template":"","format":"standard","meta":{"_links_to":"","_links_to_target":""},"categories":[],"tags":[],"_links":{"self":[{"href":"https:\/\/www.unesen.ca\/press\/index.php?rest_route=\/wp\/v2\/posts\/1429"}],"collection":[{"href":"https:\/\/www.unesen.ca\/press\/index.php?rest_route=\/wp\/v2\/posts"}],"about":[{"href":"https:\/\/www.unesen.ca\/press\/index.php?rest_route=\/wp\/v2\/types\/post"}],"author":[{"embeddable":true,"href":"https:\/\/www.unesen.ca\/press\/index.php?rest_route=\/wp\/v2\/users\/3"}],"replies":[{"embeddable":true,"href":"https:\/\/www.unesen.ca\/press\/index.php?rest_route=%2Fwp%2Fv2%2Fcomments&post=1429"}],"version-history":[{"count":1,"href":"https:\/\/www.unesen.ca\/press\/index.php?rest_route=\/wp\/v2\/posts\/1429\/revisions"}],"predecessor-version":[{"id":3510,"href":"https:\/\/www.unesen.ca\/press\/index.php?rest_route=\/wp\/v2\/posts\/1429\/revisions\/3510"}],"wp:attachment":[{"href":"https:\/\/www.unesen.ca\/press\/index.php?rest_route=%2Fwp%2Fv2%2Fmedia&parent=1429"}],"wp:term":[{"taxonomy":"category","embeddable":true,"href":"https:\/\/www.unesen.ca\/press\/index.php?rest_route=%2Fwp%2Fv2%2Fcategories&post=1429"},{"taxonomy":"post_tag","embeddable":true,"href":"https:\/\/www.unesen.ca\/press\/index.php?rest_route=%2Fwp%2Fv2%2Ftags&post=1429"}],"curies":[{"name":"wp","href":"https:\/\/api.w.org\/{rel}","templated":true}]}}