{"id":1359,"date":"2012-10-30T13:12:09","date_gmt":"2012-10-30T17:12:09","guid":{"rendered":"http:\/\/www.une-sen.org\/press\/?p=1359"},"modified":"2014-02-25T18:47:03","modified_gmt":"2014-02-25T18:47:03","slug":"nous-sommes-sur-twitter","status":"publish","type":"post","link":"https:\/\/www.unesen.ca\/press\/?p=1359&amp;lang=fr","title":{"rendered":"Nous sommes sur Twitter!"},"content":{"rendered":"<p><img loading=\"lazy\" class=\"alignnone size-full wp-image-1360\" title=\"twitter_f\" alt=\"\" src=\"http:\/\/www.une-sen.org\/press\/wp-content\/uploads\/2012\/10\/twitter_f.png\" width=\"600\" height=\"400\" srcset=\"https:\/\/www.unesen.ca\/press\/wp-content\/uploads\/2012\/10\/twitter_f.png 600w, https:\/\/www.unesen.ca\/press\/wp-content\/uploads\/2012\/10\/twitter_f-300x200.png 300w\" sizes=\"(max-width: 600px) 100vw, 600px\" \/><\/p>\n<p>Si vous avez un compte Twitter, c\u2019est le temps de vous connecter \u00e0 nous!<\/p>\n<p>R\u00e9cemment, il nous est apparu que la Conf\u00e9rence sur la sant\u00e9 et la s\u00e9curit\u00e9 \u00e9tait l\u2019occasion id\u00e9ale pour intensifier notre pr\u00e9sence sur les m\u00e9dias sociaux.<\/p>\n<p>Nous avons vraiment appr\u00e9ci\u00e9 les gazouillis qu\u2019ont \u00e9crits de nombreux membres durant la Conf\u00e9rence et nous souhaitons que cette tendance s\u2019accentue aux prochains \u00e9v\u00e8nements du SEN.<\/p>\n<p>Vous pouvez maintenant nous envoyer des gazouillis \u00e0 <a href=\"https:\/\/twitter.com\/Mon_SEN\">@Mon_SEN<\/a> (en fran\u00e7ais) ou \u00e0 <a href=\"https:\/\/twitter.com\/My_UNE\">@My_UNE<\/a> (en anglais).<\/p>\n<p>P.\u2011S.: Et puis, n\u2019oubliez pas de cliquer \u00ab\u00a0J\u2019aime\u00a0\u00bb sur notre page <a href=\"http:\/\/www.facebook.com\/Union.NE.Syndicat.EN\">Facebook<\/a>!<\/p>\n","protected":false},"excerpt":{"rendered":"<p>Si vous avez un compte Twitter, c\u2019est le temps de vous connecter \u00e0 nous! R\u00e9cemment, il nous est apparu que la Conf\u00e9rence sur la sant\u00e9 et la s\u00e9curit\u00e9 \u00e9tait l\u2019occasion id\u00e9ale pour intensifier notre pr\u00e9sence sur les m\u00e9dias sociaux. Nous avons vraiment appr\u00e9ci\u00e9 les gazouillis qu\u2019ont \u00e9crits de nombreux membres durant la Conf\u00e9rence et nous &hellip; <\/p>\n<p class=\"link-more\"><a href=\"https:\/\/www.unesen.ca\/press\/?p=1359&#038;lang=fr\" class=\"more-link\">>><span class=\"screen-reader-text\"> &#8220;Nous sommes sur Twitter!&#8221;<\/span><\/a><\/p>\n","protected":false},"author":3,"featured_media":0,"comment_status":"open","ping_status":"open","sticky":false,"template":"","format":"standard","meta":{"_links_to":"","_links_to_target":""},"categories":[],"tags":[],"_links":{"self":[{"href":"https:\/\/www.unesen.ca\/press\/index.php?rest_route=\/wp\/v2\/posts\/1359"}],"collection":[{"href":"https:\/\/www.unesen.ca\/press\/index.php?rest_route=\/wp\/v2\/posts"}],"about":[{"href":"https:\/\/www.unesen.ca\/press\/index.php?rest_route=\/wp\/v2\/types\/post"}],"author":[{"embeddable":true,"href":"https:\/\/www.unesen.ca\/press\/index.php?rest_route=\/wp\/v2\/users\/3"}],"replies":[{"embeddable":true,"href":"https:\/\/www.unesen.ca\/press\/index.php?rest_route=%2Fwp%2Fv2%2Fcomments&post=1359"}],"version-history":[{"count":1,"href":"https:\/\/www.unesen.ca\/press\/index.php?rest_route=\/wp\/v2\/posts\/1359\/revisions"}],"predecessor-version":[{"id":3516,"href":"https:\/\/www.unesen.ca\/press\/index.php?rest_route=\/wp\/v2\/posts\/1359\/revisions\/3516"}],"wp:attachment":[{"href":"https:\/\/www.unesen.ca\/press\/index.php?rest_route=%2Fwp%2Fv2%2Fmedia&parent=1359"}],"wp:term":[{"taxonomy":"category","embeddable":true,"href":"https:\/\/www.unesen.ca\/press\/index.php?rest_route=%2Fwp%2Fv2%2Fcategories&post=1359"},{"taxonomy":"post_tag","embeddable":true,"href":"https:\/\/www.unesen.ca\/press\/index.php?rest_route=%2Fwp%2Fv2%2Ftags&post=1359"}],"curies":[{"name":"wp","href":"https:\/\/api.w.org\/{rel}","templated":true}]}}