{"id":1341,"date":"2012-10-20T14:16:51","date_gmt":"2012-10-20T18:16:51","guid":{"rendered":"http:\/\/www.une-sen.org\/press\/?p=1341"},"modified":"2014-02-25T18:47:33","modified_gmt":"2014-02-25T18:47:33","slug":"bulletin-de-la-conference","status":"publish","type":"post","link":"https:\/\/www.unesen.ca\/press\/?p=1341&amp;lang=fr","title":{"rendered":"Bulletin de la conf\u00e9rence"},"content":{"rendered":"<p><img loading=\"lazy\" class=\"alignnone size-full wp-image-1343\" title=\"ohs_news\" alt=\"\" src=\"http:\/\/www.une-sen.org\/press\/wp-content\/uploads\/2012\/10\/ohs_news.png\" width=\"600\" height=\"400\" srcset=\"https:\/\/www.unesen.ca\/press\/wp-content\/uploads\/2012\/10\/ohs_news.png 600w, https:\/\/www.unesen.ca\/press\/wp-content\/uploads\/2012\/10\/ohs_news-300x200.png 300w\" sizes=\"(max-width: 600px) 100vw, 600px\" \/><\/p>\n<p>La Conf\u00e9rence sant\u00e9 et s\u00e9curit\u00e9 en milieu de travail a pris un excellent d\u00e9part. Le contenu nous tient en haleine \u2013 et l&#8217;horaire nous tient bien occup\u00e9s! Si vous n&#8217;y \u00eates pas, ce n&#8217;est pas parce que vous n&#8217;avez pas pu venir que vous devez pour autant manquer les points saillants de cette rencontre. Nous vous tiendrons au courant!<\/p>\n<p><em>La Revue<\/em> est le bulletin officiel de la conf\u00e9rence. Mieux encore, ce bulletin a \u00e9t\u00e9 r\u00e9alis\u00e9 cette fois avec l&#8217;aimable assistance de quelques-uns de nos fantastiques membres dont vous faites partie!<\/p>\n<p><a href=\"..\/events\/conferences\/2012_OHS\/Day1_f.pdf\">19\u00a0octobre\u00a02012 | \u00c9dition num\u00e9ro\u00a01<br \/>\n<\/a><a href=\"..\/events\/conferences\/2012_OHS\/rev_day2f.pdf\">20 octobre\u00a02012 | \u00c9dition num\u00e9ro 2<\/a><\/p>\n<p><em>Psitt!! N&#8217;oubliez pas de compl\u00e9ter le <a href=\"https:\/\/www.surveymonkey.com\/s\/SST-OHS\">sondage en ligne<\/a> sur la conf\u00e9rence!<\/em><\/p>\n","protected":false},"excerpt":{"rendered":"<p>La Conf\u00e9rence sant\u00e9 et s\u00e9curit\u00e9 en milieu de travail a pris un excellent d\u00e9part. Le contenu nous tient en haleine \u2013 et l&#8217;horaire nous tient bien occup\u00e9s! Si vous n&#8217;y \u00eates pas, ce n&#8217;est pas parce que vous n&#8217;avez pas pu venir que vous devez pour autant manquer les points saillants de cette rencontre. Nous &hellip; <\/p>\n<p class=\"link-more\"><a href=\"https:\/\/www.unesen.ca\/press\/?p=1341&#038;lang=fr\" class=\"more-link\">>><span class=\"screen-reader-text\"> &#8220;Bulletin de la conf\u00e9rence&#8221;<\/span><\/a><\/p>\n","protected":false},"author":3,"featured_media":0,"comment_status":"open","ping_status":"open","sticky":false,"template":"","format":"standard","meta":{"_links_to":"","_links_to_target":""},"categories":[],"tags":[],"_links":{"self":[{"href":"https:\/\/www.unesen.ca\/press\/index.php?rest_route=\/wp\/v2\/posts\/1341"}],"collection":[{"href":"https:\/\/www.unesen.ca\/press\/index.php?rest_route=\/wp\/v2\/posts"}],"about":[{"href":"https:\/\/www.unesen.ca\/press\/index.php?rest_route=\/wp\/v2\/types\/post"}],"author":[{"embeddable":true,"href":"https:\/\/www.unesen.ca\/press\/index.php?rest_route=\/wp\/v2\/users\/3"}],"replies":[{"embeddable":true,"href":"https:\/\/www.unesen.ca\/press\/index.php?rest_route=%2Fwp%2Fv2%2Fcomments&post=1341"}],"version-history":[{"count":1,"href":"https:\/\/www.unesen.ca\/press\/index.php?rest_route=\/wp\/v2\/posts\/1341\/revisions"}],"predecessor-version":[{"id":3517,"href":"https:\/\/www.unesen.ca\/press\/index.php?rest_route=\/wp\/v2\/posts\/1341\/revisions\/3517"}],"wp:attachment":[{"href":"https:\/\/www.unesen.ca\/press\/index.php?rest_route=%2Fwp%2Fv2%2Fmedia&parent=1341"}],"wp:term":[{"taxonomy":"category","embeddable":true,"href":"https:\/\/www.unesen.ca\/press\/index.php?rest_route=%2Fwp%2Fv2%2Fcategories&post=1341"},{"taxonomy":"post_tag","embeddable":true,"href":"https:\/\/www.unesen.ca\/press\/index.php?rest_route=%2Fwp%2Fv2%2Ftags&post=1341"}],"curies":[{"name":"wp","href":"https:\/\/api.w.org\/{rel}","templated":true}]}}