{"id":13323,"date":"2026-09-02T13:28:35","date_gmt":"2026-09-02T18:28:35","guid":{"rendered":"https:\/\/www.unesen.ca\/press\/?p=13323"},"modified":"2026-09-02T13:28:36","modified_gmt":"2026-09-02T18:28:36","slug":"congres-triennal-2026-du-sen-resultats-des-elections","status":"publish","type":"post","link":"https:\/\/www.unesen.ca\/press\/?p=13323&amp;lang=fr","title":{"rendered":"Congr\u00e8s triennal 2026 du SEN : Resultats des \u00c9lections"},"content":{"rendered":"\n<figure class=\"wp-block-image size-large\"><img loading=\"lazy\" width=\"1024\" height=\"576\" src=\"https:\/\/www.unesen.ca\/press\/wp-content\/uploads\/2026\/09\/Elections-Convention-2026-FR-1024x576.png\" alt=\"\" class=\"wp-image-13324\" srcset=\"https:\/\/www.unesen.ca\/press\/wp-content\/uploads\/2026\/09\/Elections-Convention-2026-FR-1024x576.png 1024w, https:\/\/www.unesen.ca\/press\/wp-content\/uploads\/2026\/09\/Elections-Convention-2026-FR-300x169.png 300w, https:\/\/www.unesen.ca\/press\/wp-content\/uploads\/2026\/09\/Elections-Convention-2026-FR-768x432.png 768w, https:\/\/www.unesen.ca\/press\/wp-content\/uploads\/2026\/09\/Elections-Convention-2026-FR-1536x864.png 1536w, https:\/\/www.unesen.ca\/press\/wp-content\/uploads\/2026\/09\/Elections-Convention-2026-FR.png 1920w\" sizes=\"(max-width: 767px) 89vw, (max-width: 1000px) 54vw, (max-width: 1071px) 543px, 580px\" \/><figcaption>Toutes les personnes \u00e9lues pendant le congr\u00e8s dans l\u2019ensemble des r\u00e9gions du SEN ont pr\u00eat\u00e9 serment le vendredi 28 ao\u00fbt 2026.<\/figcaption><\/figure>\n\n\n\n<p>Les personnes d\u00e9l\u00e9gu\u00e9es r\u00e9unies dans le cadre du congr\u00e8s triennal du Syndicat des employ\u00e9es et employ\u00e9s nationaux (SEN) ont \u00e9lu un nouvel ex\u00e9cutif national ainsi que les vice-pr\u00e9sidences r\u00e9gionales pour les trois prochaines ann\u00e9es.<\/p>\n\n\n\n<p><strong>Ex\u00e9cutif national<\/strong><\/p>\n\n\n\n<ul><li>Pr\u00e9sident national : Jean-Michel Lavergne<\/li><li>Vice-pr\u00e9sident ex\u00e9cutif national : Chris Little-Gagn\u00e9<\/li><li>Vice-pr\u00e9sidente aux droits de la personne : Myl\u00e8ne Seguin<\/li><li>Vice-pr\u00e9sidente \u00e0 la sant\u00e9 et \u00e0 la s\u00e9curit\u00e9 au travail : Ellen Cross<\/li><\/ul>\n\n\n\n<figure class=\"wp-block-image size-large\"><img loading=\"lazy\" width=\"1024\" height=\"819\" src=\"https:\/\/www.unesen.ca\/press\/wp-content\/uploads\/2026\/09\/Convention-photo-collage-1-1024x819.png\" alt=\"\" class=\"wp-image-13327\" srcset=\"https:\/\/www.unesen.ca\/press\/wp-content\/uploads\/2026\/09\/Convention-photo-collage-1-1024x819.png 1024w, https:\/\/www.unesen.ca\/press\/wp-content\/uploads\/2026\/09\/Convention-photo-collage-1-300x240.png 300w, https:\/\/www.unesen.ca\/press\/wp-content\/uploads\/2026\/09\/Convention-photo-collage-1-768x614.png 768w, https:\/\/www.unesen.ca\/press\/wp-content\/uploads\/2026\/09\/Convention-photo-collage-1-1536x1229.png 1536w, https:\/\/www.unesen.ca\/press\/wp-content\/uploads\/2026\/09\/Convention-photo-collage-1.png 2000w\" sizes=\"(max-width: 767px) 89vw, (max-width: 1000px) 54vw, (max-width: 1071px) 543px, 580px\" \/><\/figure>\n\n\n\n<p><strong>Nouvelle configuration de la r\u00e9gion de la capitale nationale<\/strong><\/p>\n\n\n\n<p>Le congr\u00e8s a \u00e9galement adopt\u00e9 une nouvelle r\u00e9partition de la r\u00e9gion de la capitale nationale (RCN), d\u00e9sormais d\u00e9coup\u00e9e en cinq secteurs : Ottawa-Centre, Ottawa-Nord, Gatineau-Centre, Gatineau-Sud et Employeurs distincts.<\/p>\n\n\n\n<p><strong>Vice-pr\u00e9sidence r\u00e9gionale<\/strong><\/p>\n\n\n\n<p>&#8211; Saskatchewan : Nathan Pylypuk<\/p>\n\n\n\n<p>&#8211; Qu\u00e9bec : \u00c9ric Drouin<\/p>\n\n\n\n<p>&#8211; Gatineau-Centre : \u00c9ric Poitras<\/p>\n\n\n\n<p>&#8211; Gatineau-Sud : Christine Savard<\/p>\n\n\n\n<p>&#8211; Ottawa-Centre : Cindy D&#8217;Alessio<\/p>\n\n\n\n<p>&#8211; Ottawa-Nord : Shawn Walker<\/p>\n\n\n\n<p>&#8211; Employeurs distincts : Anna Braddon<\/p>\n\n\n\n<p>&#8211; Ontario : Michelle Woods<\/p>\n\n\n\n<p>&#8211; Manitoba : Cheryl Dubree<\/p>\n\n\n\n<p>&#8211; Colombie-Britannique et Yukon : Trevor Makela<\/p>\n\n\n\n<p>&#8211; Atlantique : Angela Decker<\/p>\n\n\n\n<p>&#8211; Alberta, Territoires du Nord-Ouest et Nunavut : Cheryl Carty<\/p>\n\n\n\n<p><strong>Entr\u00e9e en fonction<\/strong><\/p>\n\n\n\n<p>Le mandat du nouvel ex\u00e9cutif national sera guid\u00e9 par la continuit\u00e9 : poursuivre le travail rigoureux accompli sous la tutelle, maintenir le service aux membres, et faire en sorte que les progr\u00e8s r\u00e9alis\u00e9s deviennent des acquis durables pour l&#8217;ensemble des membres du SEN.<\/p>\n\n\n\n<p>Compte tenu des progr\u00e8s accomplis, le fiduciaire du SEN, Alex Silas est confiant de pouvoir proposer, dans les prochains mois, la lev\u00e9e de la tutelle au Conseil d&#8217;administration national de l&#8217;AFPC, pour que le nouvel ex\u00e9cutif \u00e9lu commence son mandat 2027-2029 d\u00e8s janvier prochain.<\/p>\n","protected":false},"excerpt":{"rendered":"<p>Les personnes d\u00e9l\u00e9gu\u00e9es r\u00e9unies dans le cadre du congr\u00e8s triennal du Syndicat des employ\u00e9es et employ\u00e9s nationaux (SEN) ont \u00e9lu un nouvel ex\u00e9cutif national ainsi que les vice-pr\u00e9sidences r\u00e9gionales pour les trois prochaines ann\u00e9es. Ex\u00e9cutif national Pr\u00e9sident national : Jean-Michel Lavergne Vice-pr\u00e9sident ex\u00e9cutif national : Chris Little-Gagn\u00e9 Vice-pr\u00e9sidente aux droits de la personne : Myl\u00e8ne &hellip; <\/p>\n<p class=\"link-more\"><a href=\"https:\/\/www.unesen.ca\/press\/?p=13323&#038;lang=fr\" class=\"more-link\">>><span class=\"screen-reader-text\"> &#8220;Congr\u00e8s triennal 2026 du SEN : Resultats des \u00c9lections&#8221;<\/span><\/a><\/p>\n","protected":false},"author":3,"featured_media":0,"comment_status":"closed","ping_status":"open","sticky":false,"template":"","format":"standard","meta":{"_links_to":"","_links_to_target":""},"categories":[],"tags":[],"_links":{"self":[{"href":"https:\/\/www.unesen.ca\/press\/index.php?rest_route=\/wp\/v2\/posts\/13323"}],"collection":[{"href":"https:\/\/www.unesen.ca\/press\/index.php?rest_route=\/wp\/v2\/posts"}],"about":[{"href":"https:\/\/www.unesen.ca\/press\/index.php?rest_route=\/wp\/v2\/types\/post"}],"author":[{"embeddable":true,"href":"https:\/\/www.unesen.ca\/press\/index.php?rest_route=\/wp\/v2\/users\/3"}],"replies":[{"embeddable":true,"href":"https:\/\/www.unesen.ca\/press\/index.php?rest_route=%2Fwp%2Fv2%2Fcomments&post=13323"}],"version-history":[{"count":3,"href":"https:\/\/www.unesen.ca\/press\/index.php?rest_route=\/wp\/v2\/posts\/13323\/revisions"}],"predecessor-version":[{"id":13329,"href":"https:\/\/www.unesen.ca\/press\/index.php?rest_route=\/wp\/v2\/posts\/13323\/revisions\/13329"}],"wp:attachment":[{"href":"https:\/\/www.unesen.ca\/press\/index.php?rest_route=%2Fwp%2Fv2%2Fmedia&parent=13323"}],"wp:term":[{"taxonomy":"category","embeddable":true,"href":"https:\/\/www.unesen.ca\/press\/index.php?rest_route=%2Fwp%2Fv2%2Fcategories&post=13323"},{"taxonomy":"post_tag","embeddable":true,"href":"https:\/\/www.unesen.ca\/press\/index.php?rest_route=%2Fwp%2Fv2%2Ftags&post=13323"}],"curies":[{"name":"wp","href":"https:\/\/api.w.org\/{rel}","templated":true}]}}