{"id":13054,"date":"2026-04-28T09:18:27","date_gmt":"2026-04-28T14:18:27","guid":{"rendered":"https:\/\/www.unesen.ca\/press\/?p=13054"},"modified":"2026-04-29T14:29:39","modified_gmt":"2026-04-29T19:29:39","slug":"jour-de-deuil-national%e2%80%af-la-sante-et-la-securite-psychologiques-au-travail-ca-compte","status":"publish","type":"post","link":"https:\/\/www.unesen.ca\/press\/?p=13054&amp;lang=fr","title":{"rendered":"Jour de deuil national\u202f: la sant\u00e9 et la s\u00e9curit\u00e9 psychologiques au travail, \u00e7a compte!"},"content":{"rendered":"\n<figure class=\"wp-block-image size-large\"><img loading=\"lazy\" width=\"1024\" height=\"576\" src=\"https:\/\/www.unesen.ca\/press\/wp-content\/uploads\/2026\/04\/Jour-du-Deuil-2026-1024x576.png\" alt=\"\" class=\"wp-image-13055\" srcset=\"https:\/\/www.unesen.ca\/press\/wp-content\/uploads\/2026\/04\/Jour-du-Deuil-2026-1024x576.png 1024w, https:\/\/www.unesen.ca\/press\/wp-content\/uploads\/2026\/04\/Jour-du-Deuil-2026-300x169.png 300w, https:\/\/www.unesen.ca\/press\/wp-content\/uploads\/2026\/04\/Jour-du-Deuil-2026-768x432.png 768w, https:\/\/www.unesen.ca\/press\/wp-content\/uploads\/2026\/04\/Jour-du-Deuil-2026-1536x864.png 1536w, https:\/\/www.unesen.ca\/press\/wp-content\/uploads\/2026\/04\/Jour-du-Deuil-2026.png 1920w\" sizes=\"(max-width: 767px) 89vw, (max-width: 1000px) 54vw, (max-width: 1071px) 543px, 580px\" \/><\/figure>\n\n\n\n<p>Le 28\u202favril, c\u2019est le Jour de deuil national, une occasion de se souvenir&nbsp;des personnes d\u00e9c\u00e9d\u00e9es des suites d\u2019un accident de travail ou ayant subi une blessure ou une maladie professionnelle. C\u2019est aussi l\u2019occasion de&nbsp;renouveler notre engagement&nbsp;\u00e0 lutter pour les survivantes et survivants.&nbsp;<\/p>\n\n\n\n<p>Cette ann\u00e9e, nous insistons sur une r\u00e9alit\u00e9 importante\u202f: la sant\u00e9 et la s\u00e9curit\u00e9 psychologiques&nbsp;font partie int\u00e9grante de&nbsp;la sant\u00e9 et&nbsp;la s\u00e9curit\u00e9 au travail. Le stress et l\u2019\u00e9puisement,&nbsp;de m\u00eame que le harc\u00e8lement, la violence et les traumatismes au travail sont encore trop souvent consid\u00e9r\u00e9s comme \u00e9tant normaux. Mais&nbsp;ce sont&nbsp;de r\u00e9els&nbsp;dangers&nbsp;pouvant causer de graves pr\u00e9judices psychologiques,&nbsp;et il&nbsp;faut&nbsp;les&nbsp;pr\u00e9venir,&nbsp;comme tous les autres risques&nbsp;professionnels.&nbsp;<\/p>\n\n\n\n<p>Nous savons&nbsp;que les blessures physiques peuvent&nbsp;miner le bien-\u00eatre&nbsp;psychologique. La douleur, les traumatismes, les longues convalescences ou les proc\u00e9dures d\u2019indemnisation qui s\u2019\u00e9ternisent peuvent&nbsp;avoir&nbsp;des cons\u00e9quences consid\u00e9rables sur la sant\u00e9 mentale et causer stress, anxi\u00e9t\u00e9 ou d\u00e9pression. C\u2019est pourquoi la sant\u00e9 physique et la sant\u00e9 psychologique doivent \u00eatre consid\u00e9r\u00e9es comme un tout.&nbsp;<\/p>\n\n\n\n<p>L\u2019Alliance de la Fonction publique du Canada (AFPC), le Syndicate des Employ\u00e9es et Employ\u00e9s Nationaux (SEN) et le Congr\u00e8s du travail du Canada (CTC) exhortent tous les ordres de gouvernement \u00e0 accorder \u00e0 la sant\u00e9 psychologique la m\u00eame attention qu\u2019\u00e0 la sant\u00e9 physique dans les lois sur la sant\u00e9 et la s\u00e9curit\u00e9 au travail et sur l\u2019indemnisation des accidents du travail. Il faut&nbsp;s\u2019employer&nbsp;\u00e0&nbsp;la pr\u00e9vention,&nbsp;\u00e0&nbsp;l\u2019\u00e9valuation des risques,&nbsp;\u00e0&nbsp;l\u2019application des lois et&nbsp;\u00e0&nbsp;une meilleure protection des travailleuses et travailleurs.&nbsp;<\/p>\n\n\n\n<p>L\u2019AFPC et le SEN sont engag\u00e9s \u00e0 lutter pour des milieux de travail plus s\u00e9curitaires, tant sur le plan&nbsp;physique que&nbsp;psychologique. Pour savoir ce que vous pouvez faire dans votre milieu de travail, communiquez avec votre section locale,&nbsp;consultez la&nbsp;<a rel=\"noreferrer noopener\" href=\"https:\/\/syndicatafpc.ca\/trousse-sante-securite\" target=\"_blank\">Trousse sant\u00e9 et s\u00e9curit\u00e9 de l\u2019AFPC<\/a>&nbsp;ou renseignez-vous sur le travail des membres de l\u2019AFPC au&nbsp;<a rel=\"noreferrer noopener\" href=\"https:\/\/www.cchst.ca\/\" target=\"_blank\">Centre canadien d\u2019hygi\u00e8ne et de s\u00e9curit\u00e9 au travail (CCHST)<\/a>.&nbsp;<\/p>\n\n\n\n<p>Le Jour de deuil national est soulign\u00e9 partout au pays.&nbsp;<a rel=\"noreferrer noopener\" href=\"https:\/\/congresdutravail.ca\/events\/evenements-et-ceremonies-du-jour-de-deuil-2026\/\" target=\"_blank\">Visitez le site Web du&nbsp;Congr\u00e8s du travail du Canada<\/a>&nbsp;pour&nbsp;conna\u00eetre les \u00e9v\u00e9nements et c\u00e9r\u00e9monies pr\u00e8s de chez vous.&nbsp;<\/p>\n\n\n\n<p>Source: AFPC<\/p>\n","protected":false},"excerpt":{"rendered":"<p>Le 28\u202favril, c\u2019est le Jour de deuil national, une occasion de se souvenir&nbsp;des personnes d\u00e9c\u00e9d\u00e9es des suites d\u2019un accident de travail ou ayant subi une blessure ou une maladie professionnelle. C\u2019est aussi l\u2019occasion de&nbsp;renouveler notre engagement&nbsp;\u00e0 lutter pour les survivantes et survivants.&nbsp; Cette ann\u00e9e, nous insistons sur une r\u00e9alit\u00e9 importante\u202f: la sant\u00e9 et la s\u00e9curit\u00e9 &hellip; <\/p>\n<p class=\"link-more\"><a href=\"https:\/\/www.unesen.ca\/press\/?p=13054&#038;lang=fr\" class=\"more-link\">>><span class=\"screen-reader-text\"> &#8220;Jour de deuil national\u202f: la sant\u00e9 et la s\u00e9curit\u00e9 psychologiques au travail, \u00e7a compte!&#8221;<\/span><\/a><\/p>\n","protected":false},"author":3,"featured_media":0,"comment_status":"closed","ping_status":"open","sticky":false,"template":"","format":"standard","meta":{"_links_to":"","_links_to_target":""},"categories":[],"tags":[],"_links":{"self":[{"href":"https:\/\/www.unesen.ca\/press\/index.php?rest_route=\/wp\/v2\/posts\/13054"}],"collection":[{"href":"https:\/\/www.unesen.ca\/press\/index.php?rest_route=\/wp\/v2\/posts"}],"about":[{"href":"https:\/\/www.unesen.ca\/press\/index.php?rest_route=\/wp\/v2\/types\/post"}],"author":[{"embeddable":true,"href":"https:\/\/www.unesen.ca\/press\/index.php?rest_route=\/wp\/v2\/users\/3"}],"replies":[{"embeddable":true,"href":"https:\/\/www.unesen.ca\/press\/index.php?rest_route=%2Fwp%2Fv2%2Fcomments&post=13054"}],"version-history":[{"count":2,"href":"https:\/\/www.unesen.ca\/press\/index.php?rest_route=\/wp\/v2\/posts\/13054\/revisions"}],"predecessor-version":[{"id":13060,"href":"https:\/\/www.unesen.ca\/press\/index.php?rest_route=\/wp\/v2\/posts\/13054\/revisions\/13060"}],"wp:attachment":[{"href":"https:\/\/www.unesen.ca\/press\/index.php?rest_route=%2Fwp%2Fv2%2Fmedia&parent=13054"}],"wp:term":[{"taxonomy":"category","embeddable":true,"href":"https:\/\/www.unesen.ca\/press\/index.php?rest_route=%2Fwp%2Fv2%2Fcategories&post=13054"},{"taxonomy":"post_tag","embeddable":true,"href":"https:\/\/www.unesen.ca\/press\/index.php?rest_route=%2Fwp%2Fv2%2Ftags&post=13054"}],"curies":[{"name":"wp","href":"https:\/\/api.w.org\/{rel}","templated":true}]}}