{"id":13045,"date":"2026-04-22T12:05:10","date_gmt":"2026-04-22T17:05:10","guid":{"rendered":"https:\/\/www.unesen.ca\/press\/?p=13045"},"modified":"2026-04-22T12:05:12","modified_gmt":"2026-04-22T17:05:12","slug":"congres-triennal-du-sen-2026-prolongation-de-la-date-limite-dinscription","status":"publish","type":"post","link":"https:\/\/www.unesen.ca\/press\/?p=13045&amp;lang=fr","title":{"rendered":"Congr\u00e8s triennal du SEN 2026  : prolongation de la date limite d\u2019inscription"},"content":{"rendered":"\n<figure class=\"wp-block-image size-large\"><img loading=\"lazy\" width=\"1024\" height=\"576\" src=\"https:\/\/www.unesen.ca\/press\/wp-content\/uploads\/2026\/04\/Date-Limite-Inscription-Congres-2026-1024x576.png\" alt=\"\" class=\"wp-image-13046\" srcset=\"https:\/\/www.unesen.ca\/press\/wp-content\/uploads\/2026\/04\/Date-Limite-Inscription-Congres-2026-1024x576.png 1024w, https:\/\/www.unesen.ca\/press\/wp-content\/uploads\/2026\/04\/Date-Limite-Inscription-Congres-2026-300x169.png 300w, https:\/\/www.unesen.ca\/press\/wp-content\/uploads\/2026\/04\/Date-Limite-Inscription-Congres-2026-768x432.png 768w, https:\/\/www.unesen.ca\/press\/wp-content\/uploads\/2026\/04\/Date-Limite-Inscription-Congres-2026-1536x864.png 1536w, https:\/\/www.unesen.ca\/press\/wp-content\/uploads\/2026\/04\/Date-Limite-Inscription-Congres-2026.png 1920w\" sizes=\"(max-width: 767px) 89vw, (max-width: 1000px) 54vw, (max-width: 1071px) 543px, 580px\" \/><\/figure>\n\n\n\n<p>Bonne nouvelle, membres de l\u2019UNE.<br>La date limite d\u2019inscription au Congr\u00e8s triennal de l\u2019UNE 2026 a \u00e9t\u00e9 prolong\u00e9e.<\/p>\n\n\n\n<p><strong>Nouvelle date limite d\u2019inscription : 29 mai 2026<\/strong><\/p>\n\n\n\n<p>Cette prolongation permet \u00e0 un plus grand nombre de membres de s\u2019inscrire et de participer au Congr\u00e8s, o\u00f9 auront lieu des discussions et des d\u00e9cisions importantes pour l\u2019avenir de notre syndicat.<\/p>\n\n\n\n<p><a rel=\"noreferrer noopener\" href=\"https:\/\/fr.unesen.ca\/events\/convention\/2026\/registration\/index.php?lang=fr\" target=\"_blank\"><strong>Inscrivez\u2011vous en ligne d\u00e8s maintenant<\/strong>.<br><\/a><a rel=\"noreferrer noopener\" href=\"https:\/\/fr.unesen.ca\/events\/convention\/Callout.php?lang=fr\" target=\"_blank\"><strong>Comment se rendre au Congr\u00e8s<\/strong>.<\/a><\/p>\n\n\n\n<p>Des questions \u00e0 propos du congr\u00e8s 2026 ? Contactez nous \u00e0 l\u2019adresse&nbsp;<a href=\"mailto:events@une-sen.org\">events@une-sen.org<\/a>.<\/p>\n","protected":false},"excerpt":{"rendered":"<p>Bonne nouvelle, membres de l\u2019UNE.La date limite d\u2019inscription au Congr\u00e8s triennal de l\u2019UNE 2026 a \u00e9t\u00e9 prolong\u00e9e. Nouvelle date limite d\u2019inscription : 29 mai 2026 Cette prolongation permet \u00e0 un plus grand nombre de membres de s\u2019inscrire et de participer au Congr\u00e8s, o\u00f9 auront lieu des discussions et des d\u00e9cisions importantes pour l\u2019avenir de notre &hellip; <\/p>\n<p class=\"link-more\"><a href=\"https:\/\/www.unesen.ca\/press\/?p=13045&#038;lang=fr\" class=\"more-link\">>><span class=\"screen-reader-text\"> &#8220;Congr\u00e8s triennal du SEN 2026  : prolongation de la date limite d\u2019inscription&#8221;<\/span><\/a><\/p>\n","protected":false},"author":3,"featured_media":0,"comment_status":"closed","ping_status":"open","sticky":false,"template":"","format":"standard","meta":{"_links_to":"","_links_to_target":""},"categories":[],"tags":[],"_links":{"self":[{"href":"https:\/\/www.unesen.ca\/press\/index.php?rest_route=\/wp\/v2\/posts\/13045"}],"collection":[{"href":"https:\/\/www.unesen.ca\/press\/index.php?rest_route=\/wp\/v2\/posts"}],"about":[{"href":"https:\/\/www.unesen.ca\/press\/index.php?rest_route=\/wp\/v2\/types\/post"}],"author":[{"embeddable":true,"href":"https:\/\/www.unesen.ca\/press\/index.php?rest_route=\/wp\/v2\/users\/3"}],"replies":[{"embeddable":true,"href":"https:\/\/www.unesen.ca\/press\/index.php?rest_route=%2Fwp%2Fv2%2Fcomments&post=13045"}],"version-history":[{"count":3,"href":"https:\/\/www.unesen.ca\/press\/index.php?rest_route=\/wp\/v2\/posts\/13045\/revisions"}],"predecessor-version":[{"id":13050,"href":"https:\/\/www.unesen.ca\/press\/index.php?rest_route=\/wp\/v2\/posts\/13045\/revisions\/13050"}],"wp:attachment":[{"href":"https:\/\/www.unesen.ca\/press\/index.php?rest_route=%2Fwp%2Fv2%2Fmedia&parent=13045"}],"wp:term":[{"taxonomy":"category","embeddable":true,"href":"https:\/\/www.unesen.ca\/press\/index.php?rest_route=%2Fwp%2Fv2%2Fcategories&post=13045"},{"taxonomy":"post_tag","embeddable":true,"href":"https:\/\/www.unesen.ca\/press\/index.php?rest_route=%2Fwp%2Fv2%2Ftags&post=13045"}],"curies":[{"name":"wp","href":"https:\/\/api.w.org\/{rel}","templated":true}]}}