{"id":12935,"date":"2025-12-05T08:40:14","date_gmt":"2025-12-05T13:40:14","guid":{"rendered":"https:\/\/www.unesen.ca\/press\/?p=12935"},"modified":"2025-12-05T08:50:10","modified_gmt":"2025-12-05T13:50:10","slug":"reamenagement-des-effectifs%e2%80%af-lafpc-lance-une-video-expliquant-vos-options-et-vos-droits","status":"publish","type":"post","link":"https:\/\/www.unesen.ca\/press\/?p=12935&amp;lang=fr","title":{"rendered":"R\u00e9am\u00e9nagement des effectifs\u202f: l\u2019AFPC lance une vid\u00e9o expliquant vos options et vos droits"},"content":{"rendered":"\n<figure class=\"wp-block-image size-large is-style-default\"><img loading=\"lazy\" width=\"1024\" height=\"576\" src=\"https:\/\/www.unesen.ca\/press\/wp-content\/uploads\/2025\/12\/Workforce-adjustment-PSAC-launches-new-video-explaining-the-process-and-your-rights-1-1024x576.png\" alt=\"Capture d'\u00e9cran tir\u00e9e d'une vid\u00e9o montrant une personne assise \u00e0 un bureau et regardant un ordinateur.\" class=\"wp-image-12942\" srcset=\"https:\/\/www.unesen.ca\/press\/wp-content\/uploads\/2025\/12\/Workforce-adjustment-PSAC-launches-new-video-explaining-the-process-and-your-rights-1-1024x576.png 1024w, https:\/\/www.unesen.ca\/press\/wp-content\/uploads\/2025\/12\/Workforce-adjustment-PSAC-launches-new-video-explaining-the-process-and-your-rights-1-300x169.png 300w, https:\/\/www.unesen.ca\/press\/wp-content\/uploads\/2025\/12\/Workforce-adjustment-PSAC-launches-new-video-explaining-the-process-and-your-rights-1-768x432.png 768w, https:\/\/www.unesen.ca\/press\/wp-content\/uploads\/2025\/12\/Workforce-adjustment-PSAC-launches-new-video-explaining-the-process-and-your-rights-1-1536x864.png 1536w, https:\/\/www.unesen.ca\/press\/wp-content\/uploads\/2025\/12\/Workforce-adjustment-PSAC-launches-new-video-explaining-the-process-and-your-rights-1.png 1920w\" sizes=\"(max-width: 767px) 89vw, (max-width: 1000px) 54vw, (max-width: 1071px) 543px, 580px\" \/><\/figure>\n\n\n\n<p>Vous avez re\u00e7u un avis vous informant que vous \u00eates l\u2019objet d\u2019un r\u00e9am\u00e9nagement des effectifs? Vous&nbsp;aidez&nbsp;une amie ou un coll\u00e8gue, ou souhaitez simplement vous pr\u00e9parer, au cas o\u00f9?&nbsp;Le r\u00e9am\u00e9nagement des effectifs&nbsp;\u2013 appel\u00e9&nbsp;transition en mati\u00e8re d\u2019emploi&nbsp;\u00e0&nbsp;l\u2019ACIA&nbsp;\u2013 peut \u00eatre une exp\u00e9rience&nbsp;stressante et&nbsp;d\u00e9boussolante. Heureusement, l\u2019AFPC est l\u00e0 pour vous&nbsp;accompagner \u00e0 chaque \u00e9tape.&nbsp;<\/p>\n\n\n\n<p>Notre nouvelle vid\u00e9o pr\u00e9sente&nbsp;le processus, les options&nbsp;et&nbsp;le soutien \u00e0 votre disposition. Que vous souhaitiez rester dans la fonction publique ou explorer de nouveaux horizons,&nbsp;vous aurez une meilleure id\u00e9e des avenues possibles&nbsp;et&nbsp;des&nbsp;mesures&nbsp;en place pour vous aider \u00e0 prendre des d\u00e9cisions \u00e9clair\u00e9es.&nbsp;<\/p>\n\n\n\n<p>Visionnez la vid\u00e9o d\u00e8s maintenant!&nbsp;Vous y trouverez&nbsp;toute l\u2019information dont vous avez besoin pour franchir la premi\u00e8re \u00e9tape.&nbsp;<\/p>\n\n\n\n<figure class=\"wp-block-embed-youtube wp-block-embed is-type-video is-provider-youtube wp-embed-aspect-16-9 wp-has-aspect-ratio\"><div class=\"wp-block-embed__wrapper\">\n<iframe title=\"R\u00e9am\u00e9nagement des effectifs et transition en mati\u00e8re d\u2019emploi\" width=\"525\" height=\"295\" src=\"https:\/\/www.youtube.com\/embed\/yqVNRJ8G9jY?feature=oembed\" frameborder=\"0\" allow=\"accelerometer; autoplay; clipboard-write; encrypted-media; gyroscope; picture-in-picture; web-share\" referrerpolicy=\"strict-origin-when-cross-origin\" allowfullscreen><\/iframe>\n<\/div><\/figure>\n\n\n\n<p>Pour en savoir plus, rendez-vous \u00e0&nbsp;notre&nbsp;<a rel=\"noreferrer noopener\" href=\"https:\/\/syndicatafpc.ca\/reamenagement-effectifs\" target=\"_blank\">page de ressources<\/a>. Vous y trouverez un&nbsp;guide,&nbsp;une&nbsp;foire aux questions,&nbsp;la&nbsp;plateforme&nbsp;d\u2019\u00e9change de postes&nbsp;et plus encore.&nbsp;<\/p>\n\n\n\n<p>Source : AFPC<\/p>\n","protected":false},"excerpt":{"rendered":"<p>Vous avez re\u00e7u un avis vous informant que vous \u00eates l\u2019objet d\u2019un r\u00e9am\u00e9nagement des effectifs? Vous&nbsp;aidez&nbsp;une amie ou un coll\u00e8gue, ou souhaitez simplement vous pr\u00e9parer, au cas o\u00f9?&nbsp;Le r\u00e9am\u00e9nagement des effectifs&nbsp;\u2013 appel\u00e9&nbsp;transition en mati\u00e8re d\u2019emploi&nbsp;\u00e0&nbsp;l\u2019ACIA&nbsp;\u2013 peut \u00eatre une exp\u00e9rience&nbsp;stressante et&nbsp;d\u00e9boussolante. Heureusement, l\u2019AFPC est l\u00e0 pour vous&nbsp;accompagner \u00e0 chaque \u00e9tape.&nbsp; Notre nouvelle vid\u00e9o pr\u00e9sente&nbsp;le processus, les &hellip; <\/p>\n<p class=\"link-more\"><a href=\"https:\/\/www.unesen.ca\/press\/?p=12935&#038;lang=fr\" class=\"more-link\">>><span class=\"screen-reader-text\"> &#8220;R\u00e9am\u00e9nagement des effectifs\u202f: l\u2019AFPC lance une vid\u00e9o expliquant vos options et vos droits&#8221;<\/span><\/a><\/p>\n","protected":false},"author":3,"featured_media":0,"comment_status":"closed","ping_status":"open","sticky":false,"template":"","format":"standard","meta":{"_links_to":"","_links_to_target":""},"categories":[],"tags":[],"_links":{"self":[{"href":"https:\/\/www.unesen.ca\/press\/index.php?rest_route=\/wp\/v2\/posts\/12935"}],"collection":[{"href":"https:\/\/www.unesen.ca\/press\/index.php?rest_route=\/wp\/v2\/posts"}],"about":[{"href":"https:\/\/www.unesen.ca\/press\/index.php?rest_route=\/wp\/v2\/types\/post"}],"author":[{"embeddable":true,"href":"https:\/\/www.unesen.ca\/press\/index.php?rest_route=\/wp\/v2\/users\/3"}],"replies":[{"embeddable":true,"href":"https:\/\/www.unesen.ca\/press\/index.php?rest_route=%2Fwp%2Fv2%2Fcomments&post=12935"}],"version-history":[{"count":3,"href":"https:\/\/www.unesen.ca\/press\/index.php?rest_route=\/wp\/v2\/posts\/12935\/revisions"}],"predecessor-version":[{"id":12944,"href":"https:\/\/www.unesen.ca\/press\/index.php?rest_route=\/wp\/v2\/posts\/12935\/revisions\/12944"}],"wp:attachment":[{"href":"https:\/\/www.unesen.ca\/press\/index.php?rest_route=%2Fwp%2Fv2%2Fmedia&parent=12935"}],"wp:term":[{"taxonomy":"category","embeddable":true,"href":"https:\/\/www.unesen.ca\/press\/index.php?rest_route=%2Fwp%2Fv2%2Fcategories&post=12935"},{"taxonomy":"post_tag","embeddable":true,"href":"https:\/\/www.unesen.ca\/press\/index.php?rest_route=%2Fwp%2Fv2%2Ftags&post=12935"}],"curies":[{"name":"wp","href":"https:\/\/api.w.org\/{rel}","templated":true}]}}