{"id":12921,"date":"2025-12-02T10:04:53","date_gmt":"2025-12-02T15:04:53","guid":{"rendered":"https:\/\/www.unesen.ca\/press\/?p=12921"},"modified":"2025-12-02T10:04:55","modified_gmt":"2025-12-02T15:04:55","slug":"le-sen-pleure-la-perte-de-beverly-brown","status":"publish","type":"post","link":"https:\/\/www.unesen.ca\/press\/?p=12921&amp;lang=fr","title":{"rendered":"Le SEN pleure la perte de Beverly Brown"},"content":{"rendered":"\n<p><\/p>\n\n\n\n<figure class=\"wp-block-image size-large\"><img loading=\"lazy\" width=\"1024\" height=\"576\" src=\"https:\/\/www.unesen.ca\/press\/wp-content\/uploads\/2025\/12\/BevBrown-f-1024x576.png\" alt=\"\" class=\"wp-image-12924\" srcset=\"https:\/\/www.unesen.ca\/press\/wp-content\/uploads\/2025\/12\/BevBrown-f-1024x576.png 1024w, https:\/\/www.unesen.ca\/press\/wp-content\/uploads\/2025\/12\/BevBrown-f-300x169.png 300w, https:\/\/www.unesen.ca\/press\/wp-content\/uploads\/2025\/12\/BevBrown-f-768x432.png 768w, https:\/\/www.unesen.ca\/press\/wp-content\/uploads\/2025\/12\/BevBrown-f-1536x864.png 1536w, https:\/\/www.unesen.ca\/press\/wp-content\/uploads\/2025\/12\/BevBrown-f.png 1920w\" sizes=\"(max-width: 767px) 89vw, (max-width: 1000px) 54vw, (max-width: 1071px) 543px, 580px\" \/><\/figure>\n\n\n\n<p>C\u2019est avec tristesse que le Syndicat des employ\u00e9es et employ\u00e9s nationaux annonce le d\u00e9c\u00e8s de notre s\u0153ur puissante et bien-aim\u00e9e, Beverly&nbsp;DenaiseBrown. Son absence a \u00e9t\u00e9 profond\u00e9ment ressentie par les familles du SEN et de l\u2019AFPC.<\/p>\n\n\n\n<p>Bev \u00e9tait une leader infatigable qui se consacrait c\u0153ur et \u00e2me \u00e0 la d\u00e9fense des travailleuses et des travailleurs. Elle a longtemps \u00e9t\u00e9 une voix influente au Comit\u00e9 d\u2019action des membres racis\u00e9s de l\u2019AFPC-RCN et a occup\u00e9 plusieurs postes au Conseil de l\u2019AFPC-RCN. Au SEN, elle s\u2019est distingu\u00e9e en tant que pr\u00e9sidente de la section locale&nbsp;70181, vice-pr\u00e9sidente r\u00e9gionale adjointe de 2017&nbsp;\u00e0&nbsp;2022 et vice-pr\u00e9sidente r\u00e9gionale en&nbsp;2025. Elle a \u00e9galement jou\u00e9 un r\u00f4le de leader cl\u00e9 pendant la gr\u00e8ve de l\u2019AFPC en&nbsp;2023, o\u00f9 son engagement, sa force et la clart\u00e9 de ses objectifs ont inspir\u00e9 de nombreuses personnes.<\/p>\n\n\n\n<p>Bev aimait faire partie de son syndicat. Elle croyait profond\u00e9ment aux principes syndicaux; elle a d\u00e9fendu l\u2019\u00e9quit\u00e9 bien avant que cela ne soit pratique courante et a contribu\u00e9 \u00e0 lancer les initiatives d\u2019\u00e9quit\u00e9 <em>Faire place au changement<\/em>du Conseil du Tr\u00e9sor il y a de cela plus de 25&nbsp;ans. Sa passion pour la justice d\u00e9passait largement le mouvement syndical. Bev \u00e9tait une b\u00e9n\u00e9vole d\u00e9vou\u00e9e dans sa communaut\u00e9 et donnait g\u00e9n\u00e9reusement de son temps pour des \u00e9v\u00e9nements comme le Bluesfest et le Festival de jazz, offrant toujours son \u00e9nergie, sa gentillesse et son sens in\u00e9branlable du service.<\/p>\n\n\n\n<p>Elle manquera grandement \u00e0 celles et ceux qui l\u2019ont connue. Nous vouons une reconnaissance \u00e9ternelle pour son leadership, ses contributions et l\u2019influence durable qu\u2019elle a exerc\u00e9e sur notre syndicat et la communaut\u00e9 dans son ensemble.<\/p>\n\n\n\n<p>Nous sommes de tout c\u0153ur avec toutes les personnes qui l\u2019ont connue et qui l\u2019aimaient.<\/p>\n\n\n\n<p>Vous trouverez ici l&#8217;avis de d\u00e9c\u00e8s de Beverly et son livre d&#8217;or :<\/p>\n\n\n\n<p><a href=\"https:\/\/beechwoodottawa.ca\/en\/services\/beverly-denaise-brown\">https:\/\/beechwoodottawa.ca\/en\/services\/beverly-denaise-brown<\/a><\/p>\n","protected":false},"excerpt":{"rendered":"<p>C\u2019est avec tristesse que le Syndicat des employ\u00e9es et employ\u00e9s nationaux annonce le d\u00e9c\u00e8s de notre s\u0153ur puissante et bien-aim\u00e9e, Beverly&nbsp;DenaiseBrown. Son absence a \u00e9t\u00e9 profond\u00e9ment ressentie par les familles du SEN et de l\u2019AFPC. Bev \u00e9tait une leader infatigable qui se consacrait c\u0153ur et \u00e2me \u00e0 la d\u00e9fense des travailleuses et des travailleurs. Elle &hellip; <\/p>\n<p class=\"link-more\"><a href=\"https:\/\/www.unesen.ca\/press\/?p=12921&#038;lang=fr\" class=\"more-link\">>><span class=\"screen-reader-text\"> &#8220;Le SEN pleure la perte de Beverly Brown&#8221;<\/span><\/a><\/p>\n","protected":false},"author":2,"featured_media":0,"comment_status":"closed","ping_status":"open","sticky":false,"template":"","format":"standard","meta":{"_links_to":"","_links_to_target":""},"categories":[],"tags":[],"_links":{"self":[{"href":"https:\/\/www.unesen.ca\/press\/index.php?rest_route=\/wp\/v2\/posts\/12921"}],"collection":[{"href":"https:\/\/www.unesen.ca\/press\/index.php?rest_route=\/wp\/v2\/posts"}],"about":[{"href":"https:\/\/www.unesen.ca\/press\/index.php?rest_route=\/wp\/v2\/types\/post"}],"author":[{"embeddable":true,"href":"https:\/\/www.unesen.ca\/press\/index.php?rest_route=\/wp\/v2\/users\/2"}],"replies":[{"embeddable":true,"href":"https:\/\/www.unesen.ca\/press\/index.php?rest_route=%2Fwp%2Fv2%2Fcomments&post=12921"}],"version-history":[{"count":5,"href":"https:\/\/www.unesen.ca\/press\/index.php?rest_route=\/wp\/v2\/posts\/12921\/revisions"}],"predecessor-version":[{"id":12930,"href":"https:\/\/www.unesen.ca\/press\/index.php?rest_route=\/wp\/v2\/posts\/12921\/revisions\/12930"}],"wp:attachment":[{"href":"https:\/\/www.unesen.ca\/press\/index.php?rest_route=%2Fwp%2Fv2%2Fmedia&parent=12921"}],"wp:term":[{"taxonomy":"category","embeddable":true,"href":"https:\/\/www.unesen.ca\/press\/index.php?rest_route=%2Fwp%2Fv2%2Fcategories&post=12921"},{"taxonomy":"post_tag","embeddable":true,"href":"https:\/\/www.unesen.ca\/press\/index.php?rest_route=%2Fwp%2Fv2%2Ftags&post=12921"}],"curies":[{"name":"wp","href":"https:\/\/api.w.org\/{rel}","templated":true}]}}