{"id":12842,"date":"2025-10-20T11:24:00","date_gmt":"2025-10-20T16:24:00","guid":{"rendered":"https:\/\/www.unesen.ca\/press\/?p=12842"},"modified":"2025-10-22T08:15:13","modified_gmt":"2025-10-22T13:15:13","slug":"fermiers-pour-la-transition-climatique-%e2%80%afune-premiere-convention-collective-qui-ouvre-la-voie-a-la-semaine-de-quatre-jours","status":"publish","type":"post","link":"https:\/\/www.unesen.ca\/press\/?p=12842&amp;lang=fr","title":{"rendered":"Fermiers pour la transition climatique :\u202fune premi\u00e8re convention collective qui ouvre la voie \u00e0 la semaine de quatre jours"},"content":{"rendered":"\n<figure class=\"wp-block-image size-large\"><img loading=\"lazy\" width=\"1024\" height=\"576\" src=\"https:\/\/www.unesen.ca\/press\/wp-content\/uploads\/2025\/10\/PSAC-Article-FR-1024x576.png\" alt=\"\" class=\"wp-image-12843\" srcset=\"https:\/\/www.unesen.ca\/press\/wp-content\/uploads\/2025\/10\/PSAC-Article-FR-1024x576.png 1024w, https:\/\/www.unesen.ca\/press\/wp-content\/uploads\/2025\/10\/PSAC-Article-FR-300x169.png 300w, https:\/\/www.unesen.ca\/press\/wp-content\/uploads\/2025\/10\/PSAC-Article-FR-768x432.png 768w, https:\/\/www.unesen.ca\/press\/wp-content\/uploads\/2025\/10\/PSAC-Article-FR-1536x864.png 1536w, https:\/\/www.unesen.ca\/press\/wp-content\/uploads\/2025\/10\/PSAC-Article-FR.png 1920w\" sizes=\"(max-width: 767px) 89vw, (max-width: 1000px) 54vw, (max-width: 1071px) 543px, 580px\" \/><\/figure>\n\n\n\n<p>Les travailleuses et travailleurs de la coalition Fermiers pour la transition climatique ont ratifi\u00e9 le 2\u202foctobre une premi\u00e8re convention collective qui am\u00e9liore consid\u00e9rablement leurs conditions de travail, permet de mieux servir leurs membres et d\u2019appuyer le secteur agricole canadien.&nbsp;&nbsp;<\/p>\n\n\n\n<p>L\u2019entente pr\u00e9voit des gains importants, notamment\u202f:&nbsp;&nbsp;<\/p>\n\n\n\n<ul><li>la semaine de travail de quatre jours;&nbsp;<\/li><li>des augmentations salariales \u00e9quitables;&nbsp;<\/li><li>l\u2019\u00e9quivalent de 75\u202f% du salaire pendant le cong\u00e9 de maternit\u00e9 et le cong\u00e9 parental gr\u00e2ce aux prestations compl\u00e9mentaires;&nbsp;<\/li><li>une meilleure pension avec l\u2019adoption du r\u00e9gime de retraite \u00e0 prestations d\u00e9termin\u00e9es des CAAT;&nbsp;<\/li><li>deux semaines de cong\u00e9 garanti pendant la p\u00e9riode des F\u00eates;&nbsp;<\/li><li>l\u2019obligation de consulter le syndicat avant d\u2019embaucher du personnel temporaire;&nbsp;<\/li><li>un compte gestion-sant\u00e9 de 500\u202f$ et la promesse d\u2019am\u00e9liorer continuellement les avantages sociaux.&nbsp;<\/li><\/ul>\n\n\n\n<p>\u00ab\u202fLa semaine de travail de quatre jours vaut de l\u2019or. Elle am\u00e9liore consid\u00e9rablement la conciliation travail-vie personnelle en nous donnant plus de temps pour profiter de la vie. \u00c7a change vraiment la donne\u202f\u00bb, affirme Ben\u202fLewis, membre de l\u2019\u00e9quipe de n\u00e9go.&nbsp;<\/p>\n\n\n\n<p>C\u2019est gr\u00e2ce \u00e0 leur solidarit\u00e9 et \u00e0 leur d\u00e9termination que les membres de la section locale\u202f70405 de l\u2019AFPC-SEN ont d\u00e9croch\u00e9 cette excellente entente. Voil\u00e0 la preuve que l\u2019union fait la force quand vient le temps d\u2019am\u00e9liorer les conditions de travail.&nbsp;&nbsp;<\/p>\n\n\n\n<p>La coalition \u00e9labore des politiques et des solutions pour aider les fermes agricoles et d\u2019\u00e9levage du pays \u00e0 adopter des m\u00e9thodes d\u2019agriculture r\u00e9silientes et plus durables. Fond\u00e9e sur la science, elle r\u00e9unit des gens des milieux agricole et de l\u2019\u00e9levage, des climatologues, des agro\u00e9conomistes et d\u2019autres sp\u00e9cialistes dans le but de g\u00e9rer les r\u00e9percussions des changements climatiques sur l\u2019agriculture et l\u2019\u00e9levage.&nbsp;&nbsp;<\/p>\n\n\n\n<p>Dans tout le pays, les fermes et les ranchs sont aux prises avec des s\u00e9cheresses, des feux de for\u00eat et d\u2019autres catastrophes naturelles. Le travail de la coalition est plus important que jamais, et cette convention collective aidera les travailleuses et travailleurs du secteur agricole \u00e0 miser sur la durabilit\u00e9 et la r\u00e9silience.&nbsp;<br><br>Source : AFPC.<\/p>\n","protected":false},"excerpt":{"rendered":"<p>Les travailleuses et travailleurs de la coalition Fermiers pour la transition climatique ont ratifi\u00e9 le 2\u202foctobre une premi\u00e8re convention collective qui am\u00e9liore consid\u00e9rablement leurs conditions de travail, permet de mieux servir leurs membres et d\u2019appuyer le secteur agricole canadien.&nbsp;&nbsp; L\u2019entente pr\u00e9voit des gains importants, notamment\u202f:&nbsp;&nbsp; la semaine de travail de quatre jours;&nbsp; des augmentations salariales &hellip; <\/p>\n<p class=\"link-more\"><a href=\"https:\/\/www.unesen.ca\/press\/?p=12842&#038;lang=fr\" class=\"more-link\">>><span class=\"screen-reader-text\"> &#8220;Fermiers pour la transition climatique :\u202fune premi\u00e8re convention collective qui ouvre la voie \u00e0 la semaine de quatre jours&#8221;<\/span><\/a><\/p>\n","protected":false},"author":3,"featured_media":0,"comment_status":"closed","ping_status":"open","sticky":false,"template":"","format":"standard","meta":{"_links_to":"","_links_to_target":""},"categories":[],"tags":[],"_links":{"self":[{"href":"https:\/\/www.unesen.ca\/press\/index.php?rest_route=\/wp\/v2\/posts\/12842"}],"collection":[{"href":"https:\/\/www.unesen.ca\/press\/index.php?rest_route=\/wp\/v2\/posts"}],"about":[{"href":"https:\/\/www.unesen.ca\/press\/index.php?rest_route=\/wp\/v2\/types\/post"}],"author":[{"embeddable":true,"href":"https:\/\/www.unesen.ca\/press\/index.php?rest_route=\/wp\/v2\/users\/3"}],"replies":[{"embeddable":true,"href":"https:\/\/www.unesen.ca\/press\/index.php?rest_route=%2Fwp%2Fv2%2Fcomments&post=12842"}],"version-history":[{"count":2,"href":"https:\/\/www.unesen.ca\/press\/index.php?rest_route=\/wp\/v2\/posts\/12842\/revisions"}],"predecessor-version":[{"id":12845,"href":"https:\/\/www.unesen.ca\/press\/index.php?rest_route=\/wp\/v2\/posts\/12842\/revisions\/12845"}],"wp:attachment":[{"href":"https:\/\/www.unesen.ca\/press\/index.php?rest_route=%2Fwp%2Fv2%2Fmedia&parent=12842"}],"wp:term":[{"taxonomy":"category","embeddable":true,"href":"https:\/\/www.unesen.ca\/press\/index.php?rest_route=%2Fwp%2Fv2%2Fcategories&post=12842"},{"taxonomy":"post_tag","embeddable":true,"href":"https:\/\/www.unesen.ca\/press\/index.php?rest_route=%2Fwp%2Fv2%2Ftags&post=12842"}],"curies":[{"name":"wp","href":"https:\/\/api.w.org\/{rel}","templated":true}]}}