{"id":12212,"date":"2024-12-05T11:32:17","date_gmt":"2024-12-05T16:32:17","guid":{"rendered":"https:\/\/www.unesen.ca\/press\/?p=12212"},"modified":"2024-12-05T11:32:18","modified_gmt":"2024-12-05T16:32:18","slug":"lafpc-demande-des-comptes-aux-liberaux-pour-le-pillage-de-la-caisse-de-retraite","status":"publish","type":"post","link":"https:\/\/www.unesen.ca\/press\/?p=12212&amp;lang=fr","title":{"rendered":"L&#8217;AFPC demande des comptes aux lib\u00e9raux pour le pillage de la caisse de retraite"},"content":{"rendered":"\n<figure class=\"wp-block-image size-large\"><img loading=\"lazy\" width=\"1024\" height=\"538\" src=\"https:\/\/www.unesen.ca\/press\/wp-content\/uploads\/2024\/12\/Pensions-f-1024x538.png\" alt=\"\" class=\"wp-image-12213\" srcset=\"https:\/\/www.unesen.ca\/press\/wp-content\/uploads\/2024\/12\/Pensions-f-1024x538.png 1024w, https:\/\/www.unesen.ca\/press\/wp-content\/uploads\/2024\/12\/Pensions-f-300x158.png 300w, https:\/\/www.unesen.ca\/press\/wp-content\/uploads\/2024\/12\/Pensions-f-768x403.png 768w, https:\/\/www.unesen.ca\/press\/wp-content\/uploads\/2024\/12\/Pensions-f.png 1200w\" sizes=\"(max-width: 767px) 89vw, (max-width: 1000px) 54vw, (max-width: 1071px) 543px, 580px\" \/><\/figure>\n\n\n\n<p>L\u2019AFPC du Canada lance une campagne nationale pour exhorter le gouvernement Trudeau \u00e0 respecter les travailleuses et travailleurs et \u00e0 ne pas toucher aux pensions.<\/p>\n\n\n\n<p>En d\u00e9cidant de d\u00e9tourner 9,3 milliards de dollars du surplus de la Caisse de retraite de la fonction publique, le gouvernement lib\u00e9ral trahit les fonctionnaires f\u00e9d\u00e9raux et met en danger la s\u00e9curit\u00e9 de la retraite de millions d\u2019autres travailleuses et travailleurs.<\/p>\n\n\n\n<p><strong><a href=\"https:\/\/nonauvoldepensions.ca\/\">Passez \u00e0 l&#8217;action<\/a><\/strong><\/p>\n\n\n\n<p>\u00ab C\u2019est un abus de confiance \u00bb s\u2019insurge Sharon DeSousa, pr\u00e9sidente nationale de l\u2019AFPC. \u00ab Le personnel et l\u2019employeur ont contribu\u00e9 \u00e0 parts \u00e9gales au fonds de pension. Pourquoi le gouvernement serait-il le seul \u00e0 profiter d\u2019un cong\u00e9 de cotisation? \u00bb<\/p>\n\n\n\n<p>Cette d\u00e9cision irr\u00e9fl\u00e9chie menace la s\u00e9curit\u00e9 de la retraite de plus de 700 000 fonctionnaires f\u00e9d\u00e9raux et territoriaux, actifs et retrait\u00e9s.<\/p>\n\n\n\n<p>Sans parler qu\u2019elle \u00e9tablit un dangereux pr\u00e9c\u00e9dent pour des millions d\u2019autres personnes au pays, puisque d\u2019autres employeurs des secteurs priv\u00e9 et public pourraient \u00eatre tent\u00e9s de faire pareil. Ce n\u2019est donc pas seulement le combat des fonctionnaires, mais celui de tous ceux et celles qui aspirent \u00e0 la justice, \u00e0 la responsabilisation du gouvernement et \u00e0 la s\u00e9curit\u00e9 de la retraite.<\/p>\n\n\n\n<p>\u00ab Si le gouvernement f\u00e9d\u00e9ral \u2013 le plus grand employeur au pays \u2013 pige dans les pensions des fonctionnaires, qu\u2019est-ce qui emp\u00eachera d\u2019autres employeurs d\u2019en faire autant? \u00bb, demande Mme DeSousa.<\/p>\n\n\n\n<p>Il n\u2019est pas trop tard : le gouvernement lib\u00e9ral peut encore revenir sur sa d\u00e9cision. L\u2019AFPC propose d\u2019ailleurs trois solutions raisonnables pour r\u00e9duire le surplus tout en prot\u00e9geant les pensions.<\/p>\n\n\n\n<ol><li>Abolir le r\u00e9gime \u00e0 deux paliers : Du temps o\u00f9 il \u00e9tait au pouvoir, Stephen Harper a d\u00e9cid\u00e9 que les fonctionnaires embauch\u00e9s \u00e0 compter du 1er janvier 2013 devraient travailler cinq ans de plus que leurs pr\u00e9d\u00e9cesseurs pour avoir droit \u00e0 la pleine retraite. Il faut corriger cette injustice.<\/li><li>Assurer l\u2019\u00e9quit\u00e9 pour les travailleuses et travailleurs de premi\u00e8re ligne : Le gouvernement doit offrir des options de retraite \u00e9quitables \u00e0 ceux et celles qui veillent \u00e0 la s\u00e9curit\u00e9 publique et \u00e0 l\u2019application de la loi, comme il l\u2019a promis.<\/li><li>Suspendre les cotisations du personnel : Les fonctionnaires ont eux aussi cotis\u00e9 \u00e0 la caisse de retraite. Ils devraient donc obtenir le m\u00eame cong\u00e9 de cotisation que l\u2019employeur.<\/li><\/ol>\n\n\n\n<p><strong><a href=\"https:\/\/nonauvoldepensions.ca\/\">Passez \u00e0 l&#8217;action<\/a><\/strong><\/p>\n\n\n\n<p>\u00ab Ce n\u2019est pas seulement une question de pensions. Le gouvernement doit prendre ses responsabilit\u00e9s et faire ce qui est juste pour les personnes qui servent la population jour apr\u00e8s jour \u00bb, explique Mme DeSousa.<\/p>\n\n\n\n<p>Visitez le site&nbsp;<strong><a href=\"http:\/\/nonauvoldepensions.ca\/\">NonAuVolDePensions.ca<\/a><\/strong>&nbsp;pour en savoir plus et prot\u00e9ger l\u2019avenir des travailleuses et des travailleurs.<\/p>\n","protected":false},"excerpt":{"rendered":"<p>L\u2019AFPC du Canada lance une campagne nationale pour exhorter le gouvernement Trudeau \u00e0 respecter les travailleuses et travailleurs et \u00e0 ne pas toucher aux pensions. En d\u00e9cidant de d\u00e9tourner 9,3 milliards de dollars du surplus de la Caisse de retraite de la fonction publique, le gouvernement lib\u00e9ral trahit les fonctionnaires f\u00e9d\u00e9raux et met en danger &hellip; <\/p>\n<p class=\"link-more\"><a href=\"https:\/\/www.unesen.ca\/press\/?p=12212&#038;lang=fr\" class=\"more-link\">>><span class=\"screen-reader-text\"> &#8220;L&#8217;AFPC demande des comptes aux lib\u00e9raux pour le pillage de la caisse de retraite&#8221;<\/span><\/a><\/p>\n","protected":false},"author":2,"featured_media":0,"comment_status":"closed","ping_status":"open","sticky":false,"template":"","format":"standard","meta":{"_links_to":"","_links_to_target":""},"categories":[],"tags":[],"_links":{"self":[{"href":"https:\/\/www.unesen.ca\/press\/index.php?rest_route=\/wp\/v2\/posts\/12212"}],"collection":[{"href":"https:\/\/www.unesen.ca\/press\/index.php?rest_route=\/wp\/v2\/posts"}],"about":[{"href":"https:\/\/www.unesen.ca\/press\/index.php?rest_route=\/wp\/v2\/types\/post"}],"author":[{"embeddable":true,"href":"https:\/\/www.unesen.ca\/press\/index.php?rest_route=\/wp\/v2\/users\/2"}],"replies":[{"embeddable":true,"href":"https:\/\/www.unesen.ca\/press\/index.php?rest_route=%2Fwp%2Fv2%2Fcomments&post=12212"}],"version-history":[{"count":1,"href":"https:\/\/www.unesen.ca\/press\/index.php?rest_route=\/wp\/v2\/posts\/12212\/revisions"}],"predecessor-version":[{"id":12214,"href":"https:\/\/www.unesen.ca\/press\/index.php?rest_route=\/wp\/v2\/posts\/12212\/revisions\/12214"}],"wp:attachment":[{"href":"https:\/\/www.unesen.ca\/press\/index.php?rest_route=%2Fwp%2Fv2%2Fmedia&parent=12212"}],"wp:term":[{"taxonomy":"category","embeddable":true,"href":"https:\/\/www.unesen.ca\/press\/index.php?rest_route=%2Fwp%2Fv2%2Fcategories&post=12212"},{"taxonomy":"post_tag","embeddable":true,"href":"https:\/\/www.unesen.ca\/press\/index.php?rest_route=%2Fwp%2Fv2%2Ftags&post=12212"}],"curies":[{"name":"wp","href":"https:\/\/api.w.org\/{rel}","templated":true}]}}