{"id":1220,"date":"2012-09-10T11:39:54","date_gmt":"2012-09-10T15:39:54","guid":{"rendered":"http:\/\/www.une-sen.org\/press\/?p=1220"},"modified":"2014-02-25T18:52:00","modified_gmt":"2014-02-25T18:52:00","slug":"joignez-vous-a-nous-le-15-septembre","status":"publish","type":"post","link":"https:\/\/www.unesen.ca\/press\/?p=1220&amp;lang=fr","title":{"rendered":"Joignez-vous \u00e0 nous le 15 septembre!"},"content":{"rendered":"<p><img loading=\"lazy\" class=\"alignnone size-full wp-image-1221\" title=\"sept15_f\" alt=\"\" src=\"http:\/\/www.une-sen.org\/press\/wp-content\/uploads\/2012\/09\/sept15_f.png\" width=\"600\" height=\"400\" srcset=\"https:\/\/www.unesen.ca\/press\/wp-content\/uploads\/2012\/09\/sept15_f.png 600w, https:\/\/www.unesen.ca\/press\/wp-content\/uploads\/2012\/09\/sept15_f-300x200.png 300w\" sizes=\"(max-width: 600px) 100vw, 600px\" \/><\/p>\n<p>Le samedi 15\u00a0septembre, joignez-vous \u00e0 nous pour d\u00e9fendre les services publics.<\/p>\n<p>Le temps est venu de faire savoir \u00e0 M.\u00a0Harper que le travail que nous ex\u00e9cutons en tant que fonctionnaires est important pour la sant\u00e9, la s\u00e9curit\u00e9 et le bien-\u00eatre des Canadiens, de m\u00eame que pour leurs perspectives d\u2019avenir. Nous sommes fiers de ce que nous accomplissons, et nous sommes pr\u00eats \u00e0 monter au cr\u00e9neau pour des services publics de qualit\u00e9!<\/p>\n<p>Comme M.\u00a0Harper ne dit pas la v\u00e9rit\u00e9 aux Canadiens, c\u2019est \u00e0 nous qu\u2019il revient de dire \u00e0 nos amis, aux membres de notre famille et \u00e0 nos voisins ce qui est r\u00e9ellement en train de se passer.<\/p>\n<p>Nous devons leur dire que M.\u00a0Harper fait courir de graves risques aux Canadiens. Lorsqu\u2019il \u00e9limine des postes de ma\u00eetre-nageur, de pompier et d\u2019inspecteur de la qualit\u00e9 de l\u2019eau, il met notre vie en danger.<\/p>\n<p>Nous devons parler des r\u00e9percussions de ses d\u00e9cisions sur les \u00e9conomies locales. En r\u00e9duisant la dur\u00e9e de la saison touristique des parcs nationaux, le gouvernement met en p\u00e9ril les sources de revenus des g\u00eetes touristiques, des magasins de souvenirs et du petit restaurant du coin.<\/p>\n<p>Nous devons parler des cons\u00e9quences qu\u2019auront les compressions subies par Affaires autochtones et D\u00e9veloppement du Nord Canada. Les communaut\u00e9s autochtones du pays n\u2019en peuvent plus d\u2019\u00eatre n\u00e9glig\u00e9es par le gouvernement.<\/p>\n<p>Nous devons parler du fait que les compressions subies par Biblioth\u00e8que et Archives Canada et plusieurs mus\u00e9es et sites historiques du pays \u00e9quivalent \u00e0 un pillage de notre histoire et de notre patrimoine. Il s\u2019agit l\u00e0 de tr\u00e9sors nationaux qui font revivre l\u2019histoire et qui doivent \u00eatre pr\u00e9serv\u00e9s au b\u00e9n\u00e9fice des g\u00e9n\u00e9rations futures.<\/p>\n<p>Les exemples sont innombrables. Je vous invite \u00e0 parler, le samedi 15\u00a0septembre, des r\u00e9percussions qu\u2019ont ces compressions sur votre travail et sur l\u2019ensemble de la population.<\/p>\n<p>Pour obtenir la liste des \u00e9v\u00e9nements qui se tiendront pr\u00e8s de chez vous, <a href=\"http:\/\/psac.com\/news\/2012\/issues\/20120823-f.shtml?l=1\">cliquez ici<\/a> (cet hyperlien vous dirigera vers le site Web de l\u2019AFPC).<\/p>\n<p>En toute solidarit\u00e9,<\/p>\n<p>Doug Marshall<br \/>\nPr\u00e9sident national<br \/>\nSyndicat des employ\u00e9es et employ\u00e9s nationaux<\/p>\n","protected":false},"excerpt":{"rendered":"<p>Le samedi 15\u00a0septembre, joignez-vous \u00e0 nous pour d\u00e9fendre les services publics. Le temps est venu de faire savoir \u00e0 M.\u00a0Harper que le travail que nous ex\u00e9cutons en tant que fonctionnaires est important pour la sant\u00e9, la s\u00e9curit\u00e9 et le bien-\u00eatre des Canadiens, de m\u00eame que pour leurs perspectives d\u2019avenir. Nous sommes fiers de ce que &hellip; <\/p>\n<p class=\"link-more\"><a href=\"https:\/\/www.unesen.ca\/press\/?p=1220&#038;lang=fr\" class=\"more-link\">>><span class=\"screen-reader-text\"> &#8220;Joignez-vous \u00e0 nous le 15 septembre!&#8221;<\/span><\/a><\/p>\n","protected":false},"author":3,"featured_media":0,"comment_status":"open","ping_status":"open","sticky":false,"template":"","format":"standard","meta":{"_links_to":"","_links_to_target":""},"categories":[],"tags":[],"_links":{"self":[{"href":"https:\/\/www.unesen.ca\/press\/index.php?rest_route=\/wp\/v2\/posts\/1220"}],"collection":[{"href":"https:\/\/www.unesen.ca\/press\/index.php?rest_route=\/wp\/v2\/posts"}],"about":[{"href":"https:\/\/www.unesen.ca\/press\/index.php?rest_route=\/wp\/v2\/types\/post"}],"author":[{"embeddable":true,"href":"https:\/\/www.unesen.ca\/press\/index.php?rest_route=\/wp\/v2\/users\/3"}],"replies":[{"embeddable":true,"href":"https:\/\/www.unesen.ca\/press\/index.php?rest_route=%2Fwp%2Fv2%2Fcomments&post=1220"}],"version-history":[{"count":1,"href":"https:\/\/www.unesen.ca\/press\/index.php?rest_route=\/wp\/v2\/posts\/1220\/revisions"}],"predecessor-version":[{"id":3526,"href":"https:\/\/www.unesen.ca\/press\/index.php?rest_route=\/wp\/v2\/posts\/1220\/revisions\/3526"}],"wp:attachment":[{"href":"https:\/\/www.unesen.ca\/press\/index.php?rest_route=%2Fwp%2Fv2%2Fmedia&parent=1220"}],"wp:term":[{"taxonomy":"category","embeddable":true,"href":"https:\/\/www.unesen.ca\/press\/index.php?rest_route=%2Fwp%2Fv2%2Fcategories&post=1220"},{"taxonomy":"post_tag","embeddable":true,"href":"https:\/\/www.unesen.ca\/press\/index.php?rest_route=%2Fwp%2Fv2%2Ftags&post=1220"}],"curies":[{"name":"wp","href":"https:\/\/api.w.org\/{rel}","templated":true}]}}