{"id":12148,"date":"2024-11-13T08:55:43","date_gmt":"2024-11-13T13:55:43","guid":{"rendered":"https:\/\/www.unesen.ca\/press\/?p=12148"},"modified":"2024-11-13T08:55:45","modified_gmt":"2024-11-13T13:55:45","slug":"le-sen-pleure-la-perte-de-karsten-heuer-de-parcs-canada","status":"publish","type":"post","link":"https:\/\/www.unesen.ca\/press\/?p=12148&amp;lang=fr","title":{"rendered":"Le SEN pleure la perte de Karsten Heuer, de Parcs Canada"},"content":{"rendered":"\n<figure class=\"wp-block-image size-large\"><img loading=\"lazy\" width=\"1024\" height=\"538\" src=\"https:\/\/www.unesen.ca\/press\/wp-content\/uploads\/2024\/11\/KarstenHeuer-f-1024x538.png\" alt=\"\" class=\"wp-image-12149\" srcset=\"https:\/\/www.unesen.ca\/press\/wp-content\/uploads\/2024\/11\/KarstenHeuer-f-1024x538.png 1024w, https:\/\/www.unesen.ca\/press\/wp-content\/uploads\/2024\/11\/KarstenHeuer-f-300x158.png 300w, https:\/\/www.unesen.ca\/press\/wp-content\/uploads\/2024\/11\/KarstenHeuer-f-768x403.png 768w, https:\/\/www.unesen.ca\/press\/wp-content\/uploads\/2024\/11\/KarstenHeuer-f.png 1200w\" sizes=\"(max-width: 767px) 89vw, (max-width: 1000px) 54vw, (max-width: 1071px) 543px, 580px\" \/><\/figure>\n\n\n\n<p>Karsten&nbsp;Heuer \u00e9tait un biologiste, et un d\u00e9fenseur de la faune et de l\u2019environnement, un conteur, un auteur \u00e0 succ\u00e8s, un \u00e9poux, un p\u00e8re, un fils et un ami. Il \u00e9tait aussi un membre du SEN \u00e0 Parcs Canada, et il est d\u00e9c\u00e9d\u00e9 le 5&nbsp;novembre dernier. Nos pens\u00e9es et nos pri\u00e8res accompagnent la famille et les amis de Karsten, \u00e0 qui nous souhaitons offrir nos condol\u00e9ances.<\/p>\n\n\n\n<p>Vous pouvez en apprendre plus sur cet homme extraordinaire en consultant la page Web de l\u2019initiative de conservation de Yellowstone jusqu&#8217;au Yukon (<em>Yellowstone to Yukon Conservation Initiative<\/em>) \u2013 <a href=\"https:\/\/y2y.net\/blog\/thank-you-karsten\/\">https:\/\/y2y.net\/blog\/thank-you-karsten\/<\/a><\/p>\n\n\n\n<p>*Merci aux responsables de la page Facebook de l\u2019<a href=\"https:\/\/www.facebook.com\/NPWardenAssoc\">Association de Garde de Parc National<\/a> d\u2019avoir communiqu\u00e9 l\u2019information.<\/p>\n","protected":false},"excerpt":{"rendered":"<p>Karsten&nbsp;Heuer \u00e9tait un biologiste, et un d\u00e9fenseur de la faune et de l\u2019environnement, un conteur, un auteur \u00e0 succ\u00e8s, un \u00e9poux, un p\u00e8re, un fils et un ami. Il \u00e9tait aussi un membre du SEN \u00e0 Parcs Canada, et il est d\u00e9c\u00e9d\u00e9 le 5&nbsp;novembre dernier. Nos pens\u00e9es et nos pri\u00e8res accompagnent la famille et les &hellip; <\/p>\n<p class=\"link-more\"><a href=\"https:\/\/www.unesen.ca\/press\/?p=12148&#038;lang=fr\" class=\"more-link\">>><span class=\"screen-reader-text\"> &#8220;Le SEN pleure la perte de Karsten Heuer, de Parcs Canada&#8221;<\/span><\/a><\/p>\n","protected":false},"author":2,"featured_media":0,"comment_status":"closed","ping_status":"open","sticky":false,"template":"","format":"standard","meta":{"_links_to":"","_links_to_target":""},"categories":[],"tags":[],"_links":{"self":[{"href":"https:\/\/www.unesen.ca\/press\/index.php?rest_route=\/wp\/v2\/posts\/12148"}],"collection":[{"href":"https:\/\/www.unesen.ca\/press\/index.php?rest_route=\/wp\/v2\/posts"}],"about":[{"href":"https:\/\/www.unesen.ca\/press\/index.php?rest_route=\/wp\/v2\/types\/post"}],"author":[{"embeddable":true,"href":"https:\/\/www.unesen.ca\/press\/index.php?rest_route=\/wp\/v2\/users\/2"}],"replies":[{"embeddable":true,"href":"https:\/\/www.unesen.ca\/press\/index.php?rest_route=%2Fwp%2Fv2%2Fcomments&post=12148"}],"version-history":[{"count":1,"href":"https:\/\/www.unesen.ca\/press\/index.php?rest_route=\/wp\/v2\/posts\/12148\/revisions"}],"predecessor-version":[{"id":12150,"href":"https:\/\/www.unesen.ca\/press\/index.php?rest_route=\/wp\/v2\/posts\/12148\/revisions\/12150"}],"wp:attachment":[{"href":"https:\/\/www.unesen.ca\/press\/index.php?rest_route=%2Fwp%2Fv2%2Fmedia&parent=12148"}],"wp:term":[{"taxonomy":"category","embeddable":true,"href":"https:\/\/www.unesen.ca\/press\/index.php?rest_route=%2Fwp%2Fv2%2Fcategories&post=12148"},{"taxonomy":"post_tag","embeddable":true,"href":"https:\/\/www.unesen.ca\/press\/index.php?rest_route=%2Fwp%2Fv2%2Ftags&post=12148"}],"curies":[{"name":"wp","href":"https:\/\/api.w.org\/{rel}","templated":true}]}}