{"id":12136,"date":"2024-11-04T10:29:08","date_gmt":"2024-11-04T15:29:08","guid":{"rendered":"https:\/\/www.unesen.ca\/press\/?p=12136"},"modified":"2024-11-04T10:30:43","modified_gmt":"2024-11-04T15:30:43","slug":"presentez-vos-revendications","status":"publish","type":"post","link":"https:\/\/www.unesen.ca\/press\/?p=12136&amp;lang=fr","title":{"rendered":"Pr\u00e9sentez vos revendications"},"content":{"rendered":"\n<figure class=\"wp-block-image size-large\"><img loading=\"lazy\" width=\"1024\" height=\"538\" src=\"https:\/\/www.unesen.ca\/press\/wp-content\/uploads\/2024\/11\/TBBargaining-f-1024x538.png\" alt=\"\" class=\"wp-image-12137\" srcset=\"https:\/\/www.unesen.ca\/press\/wp-content\/uploads\/2024\/11\/TBBargaining-f-1024x538.png 1024w, https:\/\/www.unesen.ca\/press\/wp-content\/uploads\/2024\/11\/TBBargaining-f-300x158.png 300w, https:\/\/www.unesen.ca\/press\/wp-content\/uploads\/2024\/11\/TBBargaining-f-768x403.png 768w, https:\/\/www.unesen.ca\/press\/wp-content\/uploads\/2024\/11\/TBBargaining-f.png 1200w\" sizes=\"(max-width: 767px) 89vw, (max-width: 1000px) 54vw, (max-width: 1071px) 543px, 580px\" \/><\/figure>\n\n\n\n<p>L\u2019Alliance de la Fonction publique du Canada (AFPC) est la responsable principale des n\u00e9gociations collectives.<\/p>\n\n\n\n<p>Toutefois, le Syndicat des employ\u00e9es et des employ\u00e9s nationaux (SEN) soutient ce processus de plusieurs fa\u00e7ons&nbsp;:<\/p>\n\n\n\n<ul><li>Avant que les n\u00e9gociations d\u00e9butent, le SEN se charge de recueillir les revendications de ses membres.<\/li><li>C\u2019est l\u2019occasion de vous exprimer et de parler des aspects particuliers \u00e0 am\u00e9liorer dans votre convention collective.<\/li><li>Vos \u00e9quipes de n\u00e9gociation de l\u2019AFPC, qui compte des membres du SEN, n\u00e9gocient avec votre employeur pour que les changements demand\u00e9s par les membres soient r\u00e9alis\u00e9s.<\/li><li>La demande de commentaires est l\u2019occasion de vous faire entendre et de soumettre vos revendications en vue de la prochaine p\u00e9riode de n\u00e9gociation.<\/li><\/ul>\n\n\n\n<p>Le but principal de ce communiqu\u00e9 est d\u2019expliquer ce que vous ou les membres de votre section locale devez faire pour pr\u00e9senter des revendications et participer au processus.<\/p>\n\n\n\n<p><strong><u>Dates \u00e0 retenir&nbsp;:<\/u><\/strong><\/p>\n\n\n\n<p><strong><u>Date limite pour la soumission des revendications sur le portail de l\u2019AFPC \u2013 15&nbsp;novembre&nbsp;2024.<\/u><\/strong><\/p>\n\n\n\n<p><strong><u>Date limite pour l\u2019inscription \u00e0 la conf\u00e9rence nationale sur la n\u00e9gociation\u2013 13&nbsp;d\u00e9cembre&nbsp;2024.<\/u><\/strong><\/p>\n\n\n\n<p><strong><u>Comment puis-je soumettre mes revendications?<\/u><\/strong><\/p>\n\n\n\n<ul><li>Nous encourageons les sections locales \u00e0 tenir une r\u00e9union avec leurs membres pour discuter de leurs priorit\u00e9s et de leurs propositions de revendications.<\/li><li>Chaque membre a aussi le droit de soumettre des revendications.<\/li><li>Une fois les revendications r\u00e9dig\u00e9es et convenues, nous encourageons les membres \u00e0 les soumettre, ici&nbsp;:<\/li><li>&nbsp;<\/li><\/ul>\n\n\n\n<p><a href=\"https:\/\/syndicatafpc.ca\/revendication-contractuelle?_ga=2.88707538.85729649.1728739848-1801815564.1692609779\"><strong>Revendication contractuelle | Alliance de la Fonction publique du Canada (syndicatafpc.ca)<\/strong><\/a><\/p>\n\n\n\n<p><strong><u>Que se passe-t-il apr\u00e8s la soumission de mes revendications?<\/u><\/strong><\/p>\n\n\n\n<ul><li>Le SEN examine toutes les revendications soumises.<\/li><li>Pendant cet examen, le SEN s\u2019assure que les revendications refl\u00e8tent les besoins et les valeurs du syndicat.<\/li><li>Le SEN apporte \u00e9galement des modifications sommaires et \u00e9tablit une liste des priorit\u00e9s des revendications soumises.<\/li><li>Pour les prochaines p\u00e9riodes de n\u00e9gociations, l\u2019AFPC a \u00e9tabli une limite de 25&nbsp;revendications par unit\u00e9 de n\u00e9gociation (25&nbsp;pour l\u2019unit\u00e9 PA, 25&nbsp;pour l\u2019unit\u00e9 TC, 25&nbsp;pour l\u2019unit\u00e9 SV et 25&nbsp;pour l\u2019unit\u00e9 EB).<\/li><li>Toutes les revendications seront \u00e9valu\u00e9es et doivent refl\u00e9ter les int\u00e9r\u00eats de tous les membres du syndicat.<\/li><\/ul>\n\n\n\n<p><strong><u>Comment l\u2019AFPC \u00e9tablit-elle l\u2019ordre de priorit\u00e9 des revendications?<\/u><\/strong><\/p>\n\n\n\n<ul><li>L\u2019AFPC tient une conf\u00e9rence nationale sur la n\u00e9gociation, qui doit se tenir du 19&nbsp;au 23&nbsp;f\u00e9vrier&nbsp;2025, \u00e0 l\u2019h\u00f4tel Westin de Montr\u00e9al.<\/li><li>C\u2019est pendant la conf\u00e9rence sur la n\u00e9gociation que les d\u00e9l\u00e9gu\u00e9.e.s examinent les revendications, d\u00e9finissent les priorit\u00e9s et planifient les prochaines p\u00e9riodes de n\u00e9gociations.<\/li><\/ul>\n\n\n\n<p><strong><u>Comment puis-je m\u2019impliquer?<\/u><\/strong><\/p>\n\n\n\n<ul><li>Les membres de l\u2019\u00e9quipe de n\u00e9gociation sont \u00e9lus lors des conf\u00e9rences nationales sur la n\u00e9gociation.<\/li><li>Si vous assistez \u00e0 la conf\u00e9rence \u00e0 titre de d\u00e9l\u00e9gu\u00e9.e, vous pouvez pr\u00e9senter votre candidature pour faire partie de l\u2019\u00e9quipe de n\u00e9gociation.<\/li><li>Si vous d\u00e9sirez assister \u00e0 la conf\u00e9rence, veuillez remplir le questionnaire ci-joint et donner votre nom au SEN.<\/li><li>Les dirigeantes nationales et les dirigeants nationaux du SEN examineront toutes les candidatures et s\u00e9lectionneront les d\u00e9l\u00e9gu\u00e9.e.s \u00e0 la conf\u00e9rence sur la n\u00e9gociation.<\/li><li><strong><u>Veuillez noter que, conform\u00e9ment \u00e0 la politique NG\u00a01 du SEN, au moment de choisir les d\u00e9l\u00e9gu\u00e9.e.s qui assisterons \u00e0 la conf\u00e9rence nationale sur la n\u00e9gociation, la priorit\u00e9 sera accord\u00e9e aux d\u00e9l\u00e9gu\u00e9.e.s des sections locales qui ont soumis des propositions de revendications.<\/u><\/strong><\/li><li>Les places sont limit\u00e9es! Les d\u00e9l\u00e9gu\u00e9.e.s sont s\u00e9lectionn\u00e9s de mani\u00e8re \u00e0 assurer la diversit\u00e9 des situations g\u00e9ographiques, des emplois et des groupes vis\u00e9s par l\u2019\u00e9quit\u00e9.<\/li><\/ul>\n\n\n\n<p><\/p>\n\n\n\n<div class=\"wp-block-file\"><a href=\"https:\/\/www.unesen.ca\/press\/wp-content\/uploads\/2024\/11\/Treasury-Board-NBC-application-for-delegates_FR.docx\"><strong>Inscription \u00e0 la conf\u00e9rence nationale sur la n\u00e9gociation de l\u2019AFPC de 2025 avec le Conseil du Tr\u00e9sor<\/strong><\/a><a href=\"https:\/\/www.unesen.ca\/press\/wp-content\/uploads\/2024\/11\/Treasury-Board-NBC-application-for-delegates_FR.docx\" class=\"wp-block-file__button\" download>T\u00e9l\u00e9charger<\/a><\/div>\n\n\n\n<p>Veuillez envoyer votre candidature \u00e0 Emily Gault-Due \u00e0 <a href=\"mailto:Emily.Gault-Due@une-sen.org\">Emily.Gault-Due@une-sen.org<\/a><\/p>\n","protected":false},"excerpt":{"rendered":"<p>L\u2019Alliance de la Fonction publique du Canada (AFPC) est la responsable principale des n\u00e9gociations collectives. Toutefois, le Syndicat des employ\u00e9es et des employ\u00e9s nationaux (SEN) soutient ce processus de plusieurs fa\u00e7ons&nbsp;: Avant que les n\u00e9gociations d\u00e9butent, le SEN se charge de recueillir les revendications de ses membres. C\u2019est l\u2019occasion de vous exprimer et de parler &hellip; <\/p>\n<p class=\"link-more\"><a href=\"https:\/\/www.unesen.ca\/press\/?p=12136&#038;lang=fr\" class=\"more-link\">>><span class=\"screen-reader-text\"> &#8220;Pr\u00e9sentez vos revendications&#8221;<\/span><\/a><\/p>\n","protected":false},"author":2,"featured_media":0,"comment_status":"closed","ping_status":"open","sticky":false,"template":"","format":"standard","meta":{"_links_to":"","_links_to_target":""},"categories":[],"tags":[],"_links":{"self":[{"href":"https:\/\/www.unesen.ca\/press\/index.php?rest_route=\/wp\/v2\/posts\/12136"}],"collection":[{"href":"https:\/\/www.unesen.ca\/press\/index.php?rest_route=\/wp\/v2\/posts"}],"about":[{"href":"https:\/\/www.unesen.ca\/press\/index.php?rest_route=\/wp\/v2\/types\/post"}],"author":[{"embeddable":true,"href":"https:\/\/www.unesen.ca\/press\/index.php?rest_route=\/wp\/v2\/users\/2"}],"replies":[{"embeddable":true,"href":"https:\/\/www.unesen.ca\/press\/index.php?rest_route=%2Fwp%2Fv2%2Fcomments&post=12136"}],"version-history":[{"count":3,"href":"https:\/\/www.unesen.ca\/press\/index.php?rest_route=\/wp\/v2\/posts\/12136\/revisions"}],"predecessor-version":[{"id":12141,"href":"https:\/\/www.unesen.ca\/press\/index.php?rest_route=\/wp\/v2\/posts\/12136\/revisions\/12141"}],"wp:attachment":[{"href":"https:\/\/www.unesen.ca\/press\/index.php?rest_route=%2Fwp%2Fv2%2Fmedia&parent=12136"}],"wp:term":[{"taxonomy":"category","embeddable":true,"href":"https:\/\/www.unesen.ca\/press\/index.php?rest_route=%2Fwp%2Fv2%2Fcategories&post=12136"},{"taxonomy":"post_tag","embeddable":true,"href":"https:\/\/www.unesen.ca\/press\/index.php?rest_route=%2Fwp%2Fv2%2Ftags&post=12136"}],"curies":[{"name":"wp","href":"https:\/\/api.w.org\/{rel}","templated":true}]}}