{"id":12128,"date":"2024-11-04T08:52:34","date_gmt":"2024-11-04T13:52:34","guid":{"rendered":"https:\/\/www.unesen.ca\/press\/?p=12128"},"modified":"2024-11-04T08:52:35","modified_gmt":"2024-11-04T13:52:35","slug":"comprendre-la-discrimination-fondee-sur-lapparence-une-forme-de-discrimination-cachee","status":"publish","type":"post","link":"https:\/\/www.unesen.ca\/press\/?p=12128&amp;lang=fr","title":{"rendered":"Comprendre la discrimination fond\u00e9e sur l\u2019apparence : une forme de discrimination cach\u00e9e"},"content":{"rendered":"\n<figure class=\"wp-block-image size-large\"><img loading=\"lazy\" width=\"1024\" height=\"538\" src=\"https:\/\/www.unesen.ca\/press\/wp-content\/uploads\/2024\/11\/Featurism-f-1024x538.png\" alt=\"\" class=\"wp-image-12129\" srcset=\"https:\/\/www.unesen.ca\/press\/wp-content\/uploads\/2024\/11\/Featurism-f-1024x538.png 1024w, https:\/\/www.unesen.ca\/press\/wp-content\/uploads\/2024\/11\/Featurism-f-300x158.png 300w, https:\/\/www.unesen.ca\/press\/wp-content\/uploads\/2024\/11\/Featurism-f-768x403.png 768w, https:\/\/www.unesen.ca\/press\/wp-content\/uploads\/2024\/11\/Featurism-f.png 1200w\" sizes=\"(max-width: 767px) 89vw, (max-width: 1000px) 54vw, (max-width: 1071px) 543px, 580px\" \/><\/figure>\n\n\n\n<p><em>Sam\u00a0Padayachee<br>Activiste social, fier membre du SEN<\/em><\/p>\n\n\n\n<p>La discrimination fond\u00e9e sur l\u2019apparence est une forme de discrimination sociale subtile, mais tr\u00e8s puissante. Elle renvoie au fait de juger les personnes selon que leurs caract\u00e9ristiques physiques respectent plus ou moins les normes de beaut\u00e9 europ\u00e9ennes ou eurocentriques. M\u00eame si le concept est peu connu, il affecte profond\u00e9ment les personnes des communaut\u00e9s racialis\u00e9es, changeant la fa\u00e7on dont elles sont per\u00e7ues, trait\u00e9es et \u00e9valu\u00e9es dans diverses sph\u00e8res de la vie.<\/p>\n\n\n\n<p>Pour bien comprendre la discrimination fond\u00e9e sur l\u2019apparence, il est essentiel de saisir qu\u2019elle ne tient pas uniquement \u00e0 la race, mais plut\u00f4t aux caract\u00e9ristiques physiques sp\u00e9cifiques des diff\u00e9rents groupes raciaux, qui sont soit appr\u00e9ci\u00e9es, soit d\u00e9daign\u00e9es. Ces caract\u00e9ristiques comprennent la couleur de la peau, la texture des cheveux, la forme des yeux, la taille du nez et l\u2019\u00e9paisseur des l\u00e8vres, entre autres. La discrimination fond\u00e9e sur l\u2019apparence se manifeste quand les caract\u00e9ristiques physiques typiquement associ\u00e9es \u00e0 l\u2019ascendance europ\u00e9enne, comme la peau p\u00e2le, les cheveux lisses, les nez petits et les l\u00e8vres fines, sont consid\u00e9r\u00e9es comme plus attrayantes ou acceptables que les caract\u00e9ristiques qui d\u00e9vient de ces normes.<\/p>\n\n\n\n<p>Les normes de beaut\u00e9 eurocentriques ont \u00e9t\u00e9 fa\u00e7onn\u00e9es par des si\u00e8cles de colonialisme et de domination culturelle, o\u00f9 les traits europ\u00e9ens ont \u00e9t\u00e9 id\u00e9alis\u00e9s en tant que normes de beaut\u00e9 et de d\u00e9sirabilit\u00e9. Ces caract\u00e9ristiques ont \u00e9t\u00e9 renforc\u00e9es par les m\u00e9dias, la publicit\u00e9 et l\u2019industrie du divertissement, ce qui les fait passer pour \u00ab&nbsp;normales&nbsp;\u00bb. Pour les personnes non-racialis\u00e9es, ces normes de beaut\u00e9 passent souvent inaper\u00e7ues, car elles refl\u00e8tent leur propre apparence ou les images qu\u2019elles ont l\u2019habitude de voir.<\/p>\n\n\n\n<p>Cependant, pour les personnes racialis\u00e9es, particuli\u00e8rement celles d\u2019origine africaine, asiatique, autochtone ou latine, ces normes peuvent \u00eatre pr\u00e9judiciables et peuvent susciter un sentiment d\u2019isolement, surtout si elles vivent dans un pays eurocentrique. La discrimination fond\u00e9e sur l\u2019apparence s\u2019inscrit en outre dans un syst\u00e8me plus large de discrimination fond\u00e9e sur la race, o\u00f9 les personnes dont les caract\u00e9ristiques physiques s\u2019\u00e9loignent de l\u2019id\u00e9al eurocentrique peuvent faire l\u2019objet de pr\u00e9jug\u00e9s, d\u2019exclusion ou de jugements n\u00e9gatifs.<\/p>\n\n\n\n<p>Les personnes racialis\u00e9es, particuli\u00e8rement les femmes, vivent souvent des pressions visant \u00e0 ce qu\u2019elles modifient leur apparence pour se rapprocher des normes eurocentriques : lisser leurs cheveux naturellement fris\u00e9s, \u00e9claircir leur peau ou se soumettre \u00e0 des interventions esth\u00e9tiques pour modifier des caract\u00e9ristiques faciales. Ces pressions ne visent pas seulement l\u2019esth\u00e9tique, elles sont li\u00e9es \u00e0 la valeur et aux possibilit\u00e9s que donne la soci\u00e9t\u00e9 \u00e0 une personne. Par exemple, une personne aux caract\u00e9ristiques physiques \u00ab&nbsp;acceptables&nbsp;\u00bb sera jug\u00e9e comme plus belle, plus intelligente ou plus capable, tandis que celle qui poss\u00e8de des caract\u00e9ristiques physiques non eurocentriques sera peut-\u00eatre jug\u00e9e moins attirante, moins comp\u00e9tente, voire moins professionnelle.<\/p>\n\n\n\n<p>La discrimination fond\u00e9e sur l\u2019apparence influence souvent la fa\u00e7on dont les gens sont trait\u00e9s dans des contextes professionnels. Une personne aux cheveux plus lisses ou \u00e0 la peau plus p\u00e2le aura peut-\u00eatre tendance \u00e0 \u00eatre per\u00e7ue comme plus \u00ab&nbsp;pr\u00e9sentable&nbsp;\u00bb ou \u00ab&nbsp;digne de confiance&nbsp;\u00bb, alors qu\u2019une autre avec les cheveux plus \u00e9pais ou la peau plus fonc\u00e9e pourrait \u00eatre consid\u00e9r\u00e9e comme \u00ab&nbsp;trop ethnique&nbsp;\u00bb. Cela, tr\u00e8s souvent, peut mener \u00e0 des in\u00e9galit\u00e9s au chapitre de l\u2019embauche et de l\u2019avancement, dans la dynamique du milieu de travail, o\u00f9 les personnes aux caract\u00e9ristiques physiques eurocentriques sont favoris\u00e9es, que ce soit consciemment ou non.<\/p>\n\n\n\n<p>Les m\u00e9dias et l\u2019industrie du divertissement contribuent fortement \u00e0 fa\u00e7onner notre perception de la beaut\u00e9. Quand des personnes racialis\u00e9es sont repr\u00e9sent\u00e9es, celles qui ont des caract\u00e9ristiques physiques eurocentriques h\u00e9riteront d&#8217;un r\u00f4le plus int\u00e9ressant, ce qui renforce une vision \u00e9troite de ce qu\u2019est l\u2019attrait. \u00c0 l\u2019oppos\u00e9, les personnes aux caract\u00e9ristiques physiques non eurocentriques h\u00e9ritent de r\u00f4les secondaires ou st\u00e9r\u00e9otyp\u00e9s, ce qui marginalise encore plus leur repr\u00e9sentation et renforce les normes pr\u00e9judiciables.<\/p>\n\n\n\n<p>Grandir dans un monde qui privil\u00e9gie les caract\u00e9ristiques physiques eurocentriques peut nuire s\u00e9v\u00e8rement \u00e0 l\u2019estime de soi des personnes racialis\u00e9es. Pour les enfants et adolescents de couleur, \u00eatre constamment expos\u00e9s \u00e0 des images et des messages donnant \u00e0 penser que leurs caract\u00e9ristiques physiques sont \u00ab&nbsp;inf\u00e9rieures&nbsp;\u00bb peut susciter des sentiments de mal-\u00eatre, de doute, voire de haine de soi. Avec le temps, cela affecte leur sant\u00e9 mentale et leur sentiment d\u2019appartenance.<\/p>\n\n\n\n<p>Les personnes non-racialis\u00e9es doivent comprendre que la discrimination fond\u00e9e sur l\u2019apparence repose sur le fait que les normes de beaut\u00e9 sont des constructions sociales. Ce qui a \u00e9t\u00e9 normalis\u00e9 comme \u00e9tant \u00ab&nbsp;beau&nbsp;\u00bb est intimement li\u00e9 aux dynamiques de pouvoir, o\u00f9 certains traits sont plus valoris\u00e9s que d\u2019autres pour des raisons qui tiennent plus \u00e0 la domination historique qu\u2019\u00e0 un quelconque crit\u00e8re esth\u00e9tique.<\/p>\n\n\n\n<p>Pour contrer la discrimination sur l\u2019apparence, nous devons reconna\u00eetre que la beaut\u00e9 a plusieurs formes. Nous devons c\u00e9l\u00e9brer la diversit\u00e9 des apparences et rejeter les normes de beaut\u00e9 \u00e9troites qui privil\u00e9gient les caract\u00e9ristiques physiques eurocentriques. Nous avons tous des pr\u00e9jug\u00e9s inconscients, et ceux-ci peuvent affecter la fa\u00e7on dont nous percevons les autres. Nous devons r\u00e9fl\u00e9chir au fait que nous favorisons peut-\u00eatre certaines caract\u00e9ristiques plut\u00f4t que d\u2019autres et travailler pour contrer ces pr\u00e9jug\u00e9s. Par exemple, vous pourriez changer un peu la fa\u00e7on dont vous interagissez avec les gens au bureau ou dans des contextes sociaux ou dont vous complimentez ou commentez l\u2019apparence des gens. Portez attention aux exp\u00e9riences v\u00e9cues par les personnes racialis\u00e9es qui parlent de la discrimination fond\u00e9e sur l\u2019apparence. \u00c9coutez sans \u00eatre sur la d\u00e9fensive et mettez \u00e0 profit votre prise de conscience afin de lutter contre les pratiques discriminatoires, que ce soit sur votre lieu de travail, au sein de votre communaut\u00e9 ou dans vos relations personnelles.<\/p>\n\n\n\n<p>La discrimination fond\u00e9e sur l\u2019apparence n\u2019est peut-\u00eatre pas autant sujet de discussion que le racisme, mais c\u2019est une forme tout aussi dommageable de discrimination. En la comprenant et en comprenant son incidence sur les personnes racialis\u00e9es, nous pouvons commencer \u00e0 d\u00e9construire les normes de beaut\u00e9 dommageables qui perp\u00e9tuent l\u2019in\u00e9galit\u00e9. Pour les personnes non-racialis\u00e9es, cela signifie remettre activement en question les normes sociales et appuyer les efforts qui visent \u00e0 cr\u00e9er un monde o\u00f9 toutes les caract\u00e9ristiques physiques sont valoris\u00e9es, et non pas seulement celles qui correspondent \u00e0 l\u2019id\u00e9al eurocentrique.<\/p>\n\n\n\n<p>Dans une soci\u00e9t\u00e9 r\u00e9ellement inclusive, la beaut\u00e9 ne devrait pas \u00eatre d\u00e9finie par un ensemble \u00e9troit de normes, mais par la riche diversit\u00e9 qui existe dans l\u2019apparence humaine. En faisant place \u00e0 la diversit\u00e9, nous pouvons cr\u00e9er un monde plus \u00e9quitable et compatissant pour tous.<\/p>\n","protected":false},"excerpt":{"rendered":"<p>Sam\u00a0PadayacheeActiviste social, fier membre du SEN La discrimination fond\u00e9e sur l\u2019apparence est une forme de discrimination sociale subtile, mais tr\u00e8s puissante. Elle renvoie au fait de juger les personnes selon que leurs caract\u00e9ristiques physiques respectent plus ou moins les normes de beaut\u00e9 europ\u00e9ennes ou eurocentriques. M\u00eame si le concept est peu connu, il affecte profond\u00e9ment &hellip; <\/p>\n<p class=\"link-more\"><a href=\"https:\/\/www.unesen.ca\/press\/?p=12128&#038;lang=fr\" class=\"more-link\">>><span class=\"screen-reader-text\"> &#8220;Comprendre la discrimination fond\u00e9e sur l\u2019apparence : une forme de discrimination cach\u00e9e&#8221;<\/span><\/a><\/p>\n","protected":false},"author":2,"featured_media":0,"comment_status":"closed","ping_status":"open","sticky":false,"template":"","format":"standard","meta":{"_links_to":"","_links_to_target":""},"categories":[],"tags":[],"_links":{"self":[{"href":"https:\/\/www.unesen.ca\/press\/index.php?rest_route=\/wp\/v2\/posts\/12128"}],"collection":[{"href":"https:\/\/www.unesen.ca\/press\/index.php?rest_route=\/wp\/v2\/posts"}],"about":[{"href":"https:\/\/www.unesen.ca\/press\/index.php?rest_route=\/wp\/v2\/types\/post"}],"author":[{"embeddable":true,"href":"https:\/\/www.unesen.ca\/press\/index.php?rest_route=\/wp\/v2\/users\/2"}],"replies":[{"embeddable":true,"href":"https:\/\/www.unesen.ca\/press\/index.php?rest_route=%2Fwp%2Fv2%2Fcomments&post=12128"}],"version-history":[{"count":1,"href":"https:\/\/www.unesen.ca\/press\/index.php?rest_route=\/wp\/v2\/posts\/12128\/revisions"}],"predecessor-version":[{"id":12130,"href":"https:\/\/www.unesen.ca\/press\/index.php?rest_route=\/wp\/v2\/posts\/12128\/revisions\/12130"}],"wp:attachment":[{"href":"https:\/\/www.unesen.ca\/press\/index.php?rest_route=%2Fwp%2Fv2%2Fmedia&parent=12128"}],"wp:term":[{"taxonomy":"category","embeddable":true,"href":"https:\/\/www.unesen.ca\/press\/index.php?rest_route=%2Fwp%2Fv2%2Fcategories&post=12128"},{"taxonomy":"post_tag","embeddable":true,"href":"https:\/\/www.unesen.ca\/press\/index.php?rest_route=%2Fwp%2Fv2%2Ftags&post=12128"}],"curies":[{"name":"wp","href":"https:\/\/api.w.org\/{rel}","templated":true}]}}