{"id":12119,"date":"2024-11-01T09:23:13","date_gmt":"2024-11-01T14:23:13","guid":{"rendered":"https:\/\/www.unesen.ca\/press\/?p=12119"},"modified":"2024-11-01T09:23:13","modified_gmt":"2024-11-01T14:23:13","slug":"mise-a-jour-sur-le-grief-de-principe-depose-par-lafpc-commis-a-la-collecte-des-donnees","status":"publish","type":"post","link":"https:\/\/www.unesen.ca\/press\/?p=12119&amp;lang=fr","title":{"rendered":"Mise \u00e0 jour sur le grief de principe d\u00e9pos\u00e9 par l\u2019AFPC : commis \u00e0 la collecte des donn\u00e9es"},"content":{"rendered":"\n<figure class=\"wp-block-image size-large\"><img loading=\"lazy\" width=\"1024\" height=\"538\" src=\"https:\/\/www.unesen.ca\/press\/wp-content\/uploads\/2024\/11\/DCCPolicyGrievanceUpdate-f-1024x538.png\" alt=\"\" class=\"wp-image-12121\" srcset=\"https:\/\/www.unesen.ca\/press\/wp-content\/uploads\/2024\/11\/DCCPolicyGrievanceUpdate-f-1024x538.png 1024w, https:\/\/www.unesen.ca\/press\/wp-content\/uploads\/2024\/11\/DCCPolicyGrievanceUpdate-f-300x158.png 300w, https:\/\/www.unesen.ca\/press\/wp-content\/uploads\/2024\/11\/DCCPolicyGrievanceUpdate-f-768x403.png 768w, https:\/\/www.unesen.ca\/press\/wp-content\/uploads\/2024\/11\/DCCPolicyGrievanceUpdate-f.png 1200w\" sizes=\"(max-width: 767px) 89vw, (max-width: 1000px) 54vw, (max-width: 1071px) 543px, 580px\" \/><\/figure>\n\n\n\n<p>En janvier 2024, le SEN a entam\u00e9 des discussions avec l\u2019AFPC concernant la situation difficile de nos commis \u00e0 la collecte de donn\u00e9es (CCD). L\u2019Alliance de la Fonction publique du Canada (AFPC) a d\u00e9pos\u00e9 un grief de principe le 12\u00a0mars\u00a02024 contre le Conseil du Tr\u00e9sor concernant les r\u00e9percussions du transfert des ancien\u00b7ne\u00b7s employ\u00e9\u00b7e\u00b7s des Op\u00e9rations des enqu\u00eates statistiques (OES) \u00e0 l\u2019administration publique f\u00e9d\u00e9rale centrale et l\u2019application de la convention collective du groupe des Programmes et services administratifs (PA).<\/p>\n\n\n\n<p>Ce grief, pr\u00e9sent\u00e9 au niveau final par le SEN, de principe a malheureusement \u00e9t\u00e9 rejet\u00e9, et le Conseil du Tr\u00e9sor continue de refuser \u00e0 nos membres un recours. Nous avons recommand\u00e9 que le dossier soit renvoy\u00e9 \u00e0 l\u2019arbitrage dans notre qu\u00eate de justice pour les membres du&nbsp;SEN.<\/p>\n","protected":false},"excerpt":{"rendered":"<p>En janvier 2024, le SEN a entam\u00e9 des discussions avec l\u2019AFPC concernant la situation difficile de nos commis \u00e0 la collecte de donn\u00e9es (CCD). L\u2019Alliance de la Fonction publique du Canada (AFPC) a d\u00e9pos\u00e9 un grief de principe le 12\u00a0mars\u00a02024 contre le Conseil du Tr\u00e9sor concernant les r\u00e9percussions du transfert des ancien\u00b7ne\u00b7s employ\u00e9\u00b7e\u00b7s des Op\u00e9rations &hellip; <\/p>\n<p class=\"link-more\"><a href=\"https:\/\/www.unesen.ca\/press\/?p=12119&#038;lang=fr\" class=\"more-link\">>><span class=\"screen-reader-text\"> &#8220;Mise \u00e0 jour sur le grief de principe d\u00e9pos\u00e9 par l\u2019AFPC : commis \u00e0 la collecte des donn\u00e9es&#8221;<\/span><\/a><\/p>\n","protected":false},"author":2,"featured_media":0,"comment_status":"closed","ping_status":"open","sticky":false,"template":"","format":"standard","meta":{"_links_to":"","_links_to_target":""},"categories":[],"tags":[],"_links":{"self":[{"href":"https:\/\/www.unesen.ca\/press\/index.php?rest_route=\/wp\/v2\/posts\/12119"}],"collection":[{"href":"https:\/\/www.unesen.ca\/press\/index.php?rest_route=\/wp\/v2\/posts"}],"about":[{"href":"https:\/\/www.unesen.ca\/press\/index.php?rest_route=\/wp\/v2\/types\/post"}],"author":[{"embeddable":true,"href":"https:\/\/www.unesen.ca\/press\/index.php?rest_route=\/wp\/v2\/users\/2"}],"replies":[{"embeddable":true,"href":"https:\/\/www.unesen.ca\/press\/index.php?rest_route=%2Fwp%2Fv2%2Fcomments&post=12119"}],"version-history":[{"count":2,"href":"https:\/\/www.unesen.ca\/press\/index.php?rest_route=\/wp\/v2\/posts\/12119\/revisions"}],"predecessor-version":[{"id":12122,"href":"https:\/\/www.unesen.ca\/press\/index.php?rest_route=\/wp\/v2\/posts\/12119\/revisions\/12122"}],"wp:attachment":[{"href":"https:\/\/www.unesen.ca\/press\/index.php?rest_route=%2Fwp%2Fv2%2Fmedia&parent=12119"}],"wp:term":[{"taxonomy":"category","embeddable":true,"href":"https:\/\/www.unesen.ca\/press\/index.php?rest_route=%2Fwp%2Fv2%2Fcategories&post=12119"},{"taxonomy":"post_tag","embeddable":true,"href":"https:\/\/www.unesen.ca\/press\/index.php?rest_route=%2Fwp%2Fv2%2Ftags&post=12119"}],"curies":[{"name":"wp","href":"https:\/\/api.w.org\/{rel}","templated":true}]}}