{"id":12113,"date":"2024-10-23T09:26:23","date_gmt":"2024-10-23T14:26:23","guid":{"rendered":"https:\/\/www.unesen.ca\/press\/?p=12113"},"modified":"2024-10-23T09:26:24","modified_gmt":"2024-10-23T14:26:24","slug":"se-reimaginer-sa-ville-grace-au-teletravail","status":"publish","type":"post","link":"https:\/\/www.unesen.ca\/press\/?p=12113&amp;lang=fr","title":{"rendered":"Se r\u00e9imaginer sa ville gr\u00e2ce au t\u00e9l\u00e9travail"},"content":{"rendered":"\n<p>Bonjour \u00e0 tous de la r\u00e9gion de la capitale nationale,<\/p>\n\n\n\n<figure class=\"wp-block-image size-large\"><img loading=\"lazy\" width=\"1024\" height=\"576\" src=\"https:\/\/www.unesen.ca\/press\/wp-content\/uploads\/2024\/10\/CapeRally-f-1024x576.png\" alt=\"\" class=\"wp-image-12114\" srcset=\"https:\/\/www.unesen.ca\/press\/wp-content\/uploads\/2024\/10\/CapeRally-f-1024x576.png 1024w, https:\/\/www.unesen.ca\/press\/wp-content\/uploads\/2024\/10\/CapeRally-f-300x169.png 300w, https:\/\/www.unesen.ca\/press\/wp-content\/uploads\/2024\/10\/CapeRally-f-768x432.png 768w, https:\/\/www.unesen.ca\/press\/wp-content\/uploads\/2024\/10\/CapeRally-f-1536x864.png 1536w, https:\/\/www.unesen.ca\/press\/wp-content\/uploads\/2024\/10\/CapeRally-f.png 1920w\" sizes=\"(max-width: 767px) 89vw, (max-width: 1000px) 54vw, (max-width: 1071px) 543px, 580px\" \/><\/figure>\n\n\n\n<p>Bonjour \u00e0 tous de la r\u00e9gion de la capitale nationale,<\/p>\n\n\n\n<p>Imaginez si&nbsp;:<\/p>\n\n\n\n<p>\u2026 notre centre-ville \u00e9tait un lieu plus attrayant pour vivre, travailler et se divertir?<\/p>\n\n\n\n<p>\u2026 nos routes \u00e9taient moins congestionn\u00e9es?<\/p>\n\n\n\n<p>\u2026nos quartiers offraient tout ce dont nous avons besoin \u00e0 distance de marche?<\/p>\n\n\n\n<p>\u2026 nous avions plus d\u2019heures dans la journ\u00e9e pour nous occuper des choses qui comptent le plus?<\/p>\n\n\n\n<p>\u2026 nous pouvions mettre fin \u00e0 la crise du logement?<\/p>\n\n\n\n<p>Nous pouvons r\u00e9aliser tout cela et bien plus encore. Nous lan\u00e7ons une coalition communautaire le 29 octobre autour de <a href=\"https:\/\/linkprotect.cudasvc.com\/url?a=https%3a%2f%2fwww.acep-cape.ca%2ffr%2freinventer-la-ville-sengager-la-transformer-par-le-teletravail&amp;c=E,1,An0E34tftbrl9iMpeABNkx88CDoukJpYS_D5Y7sJHV8cdkT29gPuiuEB_FeHHhVLNcX8hALjsdt43Ik6WJkEDPBJaAp6Vaewy7bYDrOytw0,&amp;typo=1\">l&#8217;engagement R\u00e9inventer la ville<\/a> &#8211; inscrivez votre organisation \u00e0 cette coalition d\u00e8s aujourd&#8217;hui !<\/p>\n\n\n\n<p>Le t\u00e9l\u00e9travail peut nous aider \u00e0 transformer non seulement nos lieux de travail et notre fa\u00e7on de travailler, mais aussi les lieux o\u00f9 nous vivons.<br><br>Joignez-vous aux membres du mouvement syndical et du secteur communautaire pour assister \u00e0 un d\u00e9bat de sp\u00e9cialistes et c\u00e9l\u00e9brer les possibilit\u00e9s de convertir au mieux les espaces de bureaux d\u2019Ottawa et de transformer notre centre-ville. Ensemble, nous croyons que le t\u00e9l\u00e9travail est un moyen formidable de rendre les villes plus efficientes, plus saines et plus dynamiques.<br><br><strong>Se r\u00e9imaginer sa ville gr\u00e2ce au t\u00e9l\u00e9travail<\/strong><\/p>\n\n\n\n<p><strong>Date :\u00a0<\/strong>mardi le 29 octobre 2024<\/p>\n\n\n\n<p><strong>Heure :<\/strong>\u00a0<br>D\u00e9bat de sp\u00e9cialistes de 18 h 30 \u00e0 20 h;<br>Soir\u00e9e dansante avec la DJ Trinidaddy de 20 h \u00e0 23 h<\/p>\n\n\n\n<p><strong>Lieu :<\/strong>\u00a0Galerie d&#8217;art d&#8217;Ottawa \u2013 Salon Alma Duncan<\/p>\n\n\n\n<p>Des rafra\u00eechissements seront offerts.<br><br>N\u2019h\u00e9sitez pas \u00e0 inviter toute personne de votre famille, de votre entourage ou de votre voisinage qui s\u2019int\u00e9resse \u00e9galement \u00e0 la fa\u00e7on dont le t\u00e9l\u00e9travail peut nous aider \u00e0 transformer non seulement nos lieux de travail et notre fa\u00e7on de travailler, mais aussi les lieux o\u00f9 nous vivons.<\/p>\n\n\n\n<p><a href=\"https:\/\/linkprotect.cudasvc.com\/url?a=https%3a%2f%2f0450ce452e4e4c19bd3a4d9a62f3fc77.svc.dynamics.com%2ft%2ft%2fI68evKQDjH9ZpXQxCSbXuYHB3Yumq0f154HjdxXQn4Ex%2ftZv01YPl4xbUjkjZvGZUGQBbjstDsJlYtBvK4PiWrwEx&amp;c=E,1,KKWMyzcrdn0YREDKQ88EHM_Hvw7bwgJpwjBkidERY3rtxPQ0HSA-YC1i85sjhZFBAAw50OHhXK9Asb21X5fN6hsAdzcqBt5HEjHF-8NTE5yTiFlMxXM9JgwhtOw,&amp;typo=1\" target=\"_blank\" rel=\"noreferrer noopener\"><strong>Partagez l\u2019\u00e9v\u00e9nement sur Facebook et demandez \u00e0 votre entourage de s\u2019y inscrire.<\/strong><\/a><\/p>\n","protected":false},"excerpt":{"rendered":"<p>Bonjour \u00e0 tous de la r\u00e9gion de la capitale nationale, Bonjour \u00e0 tous de la r\u00e9gion de la capitale nationale, Imaginez si&nbsp;: \u2026 notre centre-ville \u00e9tait un lieu plus attrayant pour vivre, travailler et se divertir? \u2026 nos routes \u00e9taient moins congestionn\u00e9es? \u2026nos quartiers offraient tout ce dont nous avons besoin \u00e0 distance de marche? &hellip; <\/p>\n<p class=\"link-more\"><a href=\"https:\/\/www.unesen.ca\/press\/?p=12113&#038;lang=fr\" class=\"more-link\">>><span class=\"screen-reader-text\"> &#8220;Se r\u00e9imaginer sa ville gr\u00e2ce au t\u00e9l\u00e9travail&#8221;<\/span><\/a><\/p>\n","protected":false},"author":2,"featured_media":0,"comment_status":"closed","ping_status":"open","sticky":false,"template":"","format":"standard","meta":{"_links_to":"","_links_to_target":""},"categories":[],"tags":[],"_links":{"self":[{"href":"https:\/\/www.unesen.ca\/press\/index.php?rest_route=\/wp\/v2\/posts\/12113"}],"collection":[{"href":"https:\/\/www.unesen.ca\/press\/index.php?rest_route=\/wp\/v2\/posts"}],"about":[{"href":"https:\/\/www.unesen.ca\/press\/index.php?rest_route=\/wp\/v2\/types\/post"}],"author":[{"embeddable":true,"href":"https:\/\/www.unesen.ca\/press\/index.php?rest_route=\/wp\/v2\/users\/2"}],"replies":[{"embeddable":true,"href":"https:\/\/www.unesen.ca\/press\/index.php?rest_route=%2Fwp%2Fv2%2Fcomments&post=12113"}],"version-history":[{"count":1,"href":"https:\/\/www.unesen.ca\/press\/index.php?rest_route=\/wp\/v2\/posts\/12113\/revisions"}],"predecessor-version":[{"id":12115,"href":"https:\/\/www.unesen.ca\/press\/index.php?rest_route=\/wp\/v2\/posts\/12113\/revisions\/12115"}],"wp:attachment":[{"href":"https:\/\/www.unesen.ca\/press\/index.php?rest_route=%2Fwp%2Fv2%2Fmedia&parent=12113"}],"wp:term":[{"taxonomy":"category","embeddable":true,"href":"https:\/\/www.unesen.ca\/press\/index.php?rest_route=%2Fwp%2Fv2%2Fcategories&post=12113"},{"taxonomy":"post_tag","embeddable":true,"href":"https:\/\/www.unesen.ca\/press\/index.php?rest_route=%2Fwp%2Fv2%2Ftags&post=12113"}],"curies":[{"name":"wp","href":"https:\/\/api.w.org\/{rel}","templated":true}]}}