{"id":12105,"date":"2024-10-22T07:13:28","date_gmt":"2024-10-22T12:13:28","guid":{"rendered":"https:\/\/www.unesen.ca\/press\/?p=12105"},"modified":"2024-10-22T07:19:20","modified_gmt":"2024-10-22T12:19:20","slug":"doug-hill-se-joindre-a-lequipe-du-sen","status":"publish","type":"post","link":"https:\/\/www.unesen.ca\/press\/?p=12105&amp;lang=fr","title":{"rendered":"Doug Hill se joindre \u00e0 l&#8217;\u00e9quipe du SEN"},"content":{"rendered":"\n<figure class=\"wp-block-image size-large\"><img loading=\"lazy\" width=\"1024\" height=\"576\" src=\"https:\/\/www.unesen.ca\/press\/wp-content\/uploads\/2024\/10\/DougHill-f-1024x576.png\" alt=\"\" class=\"wp-image-12106\" srcset=\"https:\/\/www.unesen.ca\/press\/wp-content\/uploads\/2024\/10\/DougHill-f-1024x576.png 1024w, https:\/\/www.unesen.ca\/press\/wp-content\/uploads\/2024\/10\/DougHill-f-300x169.png 300w, https:\/\/www.unesen.ca\/press\/wp-content\/uploads\/2024\/10\/DougHill-f-768x432.png 768w, https:\/\/www.unesen.ca\/press\/wp-content\/uploads\/2024\/10\/DougHill-f-1536x864.png 1536w, https:\/\/www.unesen.ca\/press\/wp-content\/uploads\/2024\/10\/DougHill-f.png 1920w\" sizes=\"(max-width: 767px) 89vw, (max-width: 1000px) 54vw, (max-width: 1071px) 543px, 580px\" \/><\/figure>\n\n\n\n<p>O\u2019Siyo \u13a3\u13cf\u13f2 \u00ab&nbsp;o-si-yo&nbsp;\u00bb (en cherokee&nbsp;: je vous vois), hello et bonjour cons\u0153urs et confr\u00e8res!<\/p>\n\n\n\n<p>Je suis ravie d\u2019annoncer que Douglas Hill va se joindre \u00e0 l\u2019\u00e9quipe du Syndicat des employ\u00e9es et employ\u00e9s nationaux comme directeur, repr\u00e9sentation des membres et relations de travail \u00e0 compter du 1<sup>er<\/sup> novembre 2024. J\u2019ai eu l\u2019honneur de le voir en action, repr\u00e9sentant les membres avec passion, empathie et expertise juridique. J\u2019ai \u00e9t\u00e9 t\u00e9moin d\u2019un homme pr\u00eat \u00e0 se battre contre l\u2019injustice subie par chaque membre lorsque leur convention collective et leurs droits humains \u00e9taient viol\u00e9s, avec une d\u00e9termination sans rel\u00e2che.<\/p>\n\n\n\n<p>Doug se joint \u00e0 nous apr\u00e8s avoir travaill\u00e9 pendant plus de 20 ans comme agent aux griefs et \u00e0 l\u2019arbitrage, \u00e0 la Direction de la repr\u00e9sentation et des services<\/p>\n\n\n\n<p>juridiques de l\u2019AFPC. En plus de ses fonctions principales de m\u00e9diation et de contentieux, il a prodigu\u00e9 des conseils aux \u00c9l\u00e9ments, guid\u00e9 plusieurs coll\u00e8gues et anim\u00e9 avec plaisir des s\u00e9ances de formation dans le cadre de diverses conf\u00e9rences.<\/p>\n\n\n\n<p>Doug est fier d\u2019avoir pu r\u00e9gler la plupart des questions litigieuses par la m\u00e9diation. Il a toutefois plaid\u00e9 avec succ\u00e8s d\u2019innombrables affaires devant les commissions des relations de travail et les tribunaux des droits de la personne, notamment, l\u2019affaire<em> Grierson-Heffernan c. Agence des services frontaliers du Canada<\/em>, qui a \u00e9t\u00e9 pr\u00e9sent\u00e9e dans Public Service &amp; Crown Agency Employment Law de Lancaster. L\u2019affaire <em>Dyson c. Minist\u00e8re des P\u00eaches et des Oc\u00e9ans<\/em> concernait un renvoi en cours de stage et a \u00e9t\u00e9 confirm\u00e9e par la Cour d\u2019appel f\u00e9d\u00e9rale. Dans l\u2019affaire <em>Reeves c. Minist\u00e8re de la D\u00e9fense nationale<\/em>, on a octroy\u00e9 une indemnisation importante pour discrimination raciale. Dans la d\u00e9cision<em> Doro c. Agence du revenu du Canada<\/em>, on a accord\u00e9 des dommages-int\u00e9r\u00eats d\u2019un montant maximal \u00e9tablissant un pr\u00e9c\u00e9dent au titre de la Loi canadienne sur les droits de la personne pour discrimination fond\u00e9e sur le sexe et harc\u00e8lement sexuel, puis <em>l\u2019affaire Nada Bastasic c. Alliance de la Fonction publique du Canada<\/em> concernait le manquement au devoir de repr\u00e9sentation \u00e9quitable.<\/p>\n\n\n\n<p>La vaste exp\u00e9rience de Doug, ses connaissances et sa comp\u00e9tence reconnue en m\u00e9diation et en contentieux sur des questions relatives aux griefs et aux droits de la personne font de lui un atout inestimable \u00e0 ce poste, et nous attendons avec impatience son leadership professionnel pour les membres et le personnel du Syndicat des employ\u00e9es et employ\u00e9s nationaux.<\/p>\n\n\n\n<p>Veuillez vous joindre \u00e0 moi pour accueillir chaleureusement Doug au sein de l\u2019\u00e9quipe du SEN.<\/p>\n\n\n\n<p>Alisha Kang<br>Pr\u00e9sidente nationale,<br>Syndicat des employ\u00e9es et employ\u00e9s nationaux<\/p>\n","protected":false},"excerpt":{"rendered":"<p>O\u2019Siyo \u13a3\u13cf\u13f2 \u00ab&nbsp;o-si-yo&nbsp;\u00bb (en cherokee&nbsp;: je vous vois), hello et bonjour cons\u0153urs et confr\u00e8res! Je suis ravie d\u2019annoncer que Douglas Hill va se joindre \u00e0 l\u2019\u00e9quipe du Syndicat des employ\u00e9es et employ\u00e9s nationaux comme directeur, repr\u00e9sentation des membres et relations de travail \u00e0 compter du 1er novembre 2024. J\u2019ai eu l\u2019honneur de le voir en &hellip; <\/p>\n<p class=\"link-more\"><a href=\"https:\/\/www.unesen.ca\/press\/?p=12105&#038;lang=fr\" class=\"more-link\">>><span class=\"screen-reader-text\"> &#8220;Doug Hill se joindre \u00e0 l&#8217;\u00e9quipe du SEN&#8221;<\/span><\/a><\/p>\n","protected":false},"author":2,"featured_media":0,"comment_status":"closed","ping_status":"open","sticky":false,"template":"","format":"standard","meta":{"_links_to":"","_links_to_target":""},"categories":[],"tags":[],"_links":{"self":[{"href":"https:\/\/www.unesen.ca\/press\/index.php?rest_route=\/wp\/v2\/posts\/12105"}],"collection":[{"href":"https:\/\/www.unesen.ca\/press\/index.php?rest_route=\/wp\/v2\/posts"}],"about":[{"href":"https:\/\/www.unesen.ca\/press\/index.php?rest_route=\/wp\/v2\/types\/post"}],"author":[{"embeddable":true,"href":"https:\/\/www.unesen.ca\/press\/index.php?rest_route=\/wp\/v2\/users\/2"}],"replies":[{"embeddable":true,"href":"https:\/\/www.unesen.ca\/press\/index.php?rest_route=%2Fwp%2Fv2%2Fcomments&post=12105"}],"version-history":[{"count":2,"href":"https:\/\/www.unesen.ca\/press\/index.php?rest_route=\/wp\/v2\/posts\/12105\/revisions"}],"predecessor-version":[{"id":12108,"href":"https:\/\/www.unesen.ca\/press\/index.php?rest_route=\/wp\/v2\/posts\/12105\/revisions\/12108"}],"wp:attachment":[{"href":"https:\/\/www.unesen.ca\/press\/index.php?rest_route=%2Fwp%2Fv2%2Fmedia&parent=12105"}],"wp:term":[{"taxonomy":"category","embeddable":true,"href":"https:\/\/www.unesen.ca\/press\/index.php?rest_route=%2Fwp%2Fv2%2Fcategories&post=12105"},{"taxonomy":"post_tag","embeddable":true,"href":"https:\/\/www.unesen.ca\/press\/index.php?rest_route=%2Fwp%2Fv2%2Ftags&post=12105"}],"curies":[{"name":"wp","href":"https:\/\/api.w.org\/{rel}","templated":true}]}}