{"id":12069,"date":"2024-10-18T16:08:00","date_gmt":"2024-10-18T21:08:00","guid":{"rendered":"https:\/\/www.unesen.ca\/press\/?p=12069"},"modified":"2024-10-18T17:11:04","modified_gmt":"2024-10-18T22:11:04","slug":"parcs-canada-croit-quil-a-fait-tout-ce-quil-pouvait-a-jasper","status":"publish","type":"post","link":"https:\/\/www.unesen.ca\/press\/?p=12069&amp;lang=fr","title":{"rendered":"Parcs Canada croit qu\u2019il a fait tout ce qu\u2019il pouvait \u00e0 Jasper"},"content":{"rendered":"\n<p><\/p>\n\n\n\n<figure class=\"wp-block-image size-large\"><img loading=\"lazy\" width=\"1024\" height=\"576\" src=\"https:\/\/www.unesen.ca\/press\/wp-content\/uploads\/2024\/10\/Jasper-AK2-f-1024x576.png\" alt=\"\" class=\"wp-image-12095\" srcset=\"https:\/\/www.unesen.ca\/press\/wp-content\/uploads\/2024\/10\/Jasper-AK2-f-1024x576.png 1024w, https:\/\/www.unesen.ca\/press\/wp-content\/uploads\/2024\/10\/Jasper-AK2-f-300x169.png 300w, https:\/\/www.unesen.ca\/press\/wp-content\/uploads\/2024\/10\/Jasper-AK2-f-768x432.png 768w, https:\/\/www.unesen.ca\/press\/wp-content\/uploads\/2024\/10\/Jasper-AK2-f-1536x864.png 1536w, https:\/\/www.unesen.ca\/press\/wp-content\/uploads\/2024\/10\/Jasper-AK2-f.png 1920w\" sizes=\"(max-width: 767px) 89vw, (max-width: 1000px) 54vw, (max-width: 1071px) 543px, 580px\" \/><\/figure>\n\n\n\n<p>Pendant que la municipalit\u00e9, la province et le gouvernement f\u00e9d\u00e9ral se chamaillent sur la fa\u00e7on de g\u00e9rer les feux, plus de 250&nbsp;membres du personnel de Parcs Canada sont retourn\u00e9s dans la zone touch\u00e9e, o\u00f9 il y avait, sur des cl\u00f4tures, des affiches signalant la pr\u00e9sence d\u2019amiante et la d\u00e9couverte possible de toxines, y compris des m\u00e9taux lourds.<\/p>\n\n\n\n<p>Je suis arriv\u00e9 \u00e0 Jasper le matin du 26&nbsp;septembre avec ma vice-pr\u00e9sidente ex\u00e9cutive nationale vers 10&nbsp;h, heure locale. Deux heures seulement apr\u00e8s notre arriv\u00e9e, la vice-pr\u00e9sidente ex\u00e9cutive nationale a \u00e9t\u00e9 victime d\u2019une grave crise d\u2019asthme.<\/p>\n\n\n\n<figure class=\"wp-block-image size-large\"><img loading=\"lazy\" width=\"937\" height=\"396\" src=\"https:\/\/www.unesen.ca\/press\/wp-content\/uploads\/2024\/10\/fence.jpg\" alt=\"\" class=\"wp-image-12080\" srcset=\"https:\/\/www.unesen.ca\/press\/wp-content\/uploads\/2024\/10\/fence.jpg 937w, https:\/\/www.unesen.ca\/press\/wp-content\/uploads\/2024\/10\/fence-300x127.jpg 300w, https:\/\/www.unesen.ca\/press\/wp-content\/uploads\/2024\/10\/fence-768x325.jpg 768w\" sizes=\"(max-width: 767px) 89vw, (max-width: 1000px) 54vw, (max-width: 1071px) 543px, 580px\" \/><\/figure>\n\n\n\n<p>Nos membres n\u2019ont pas les r\u00e9sultats des tests de particules apr\u00e8s le nettoyage, et ils ne savent pas non plus si la qualit\u00e9 de l\u2019air a \u00e9t\u00e9 test\u00e9e pour d\u00e9celer la pr\u00e9sence de particules d\u2019amiante ou de m\u00e9taux lourds.<\/p>\n\n\n\n<p>Bien entendu, la sant\u00e9 et la s\u00e9curit\u00e9 de nos membres \u00e9tait la premi\u00e8re raison de notre visite \u00e0 Jasper. Parcs Canada expulse un membre du SEN, dont la demeure est l\u2019une des seules \u00e0 \u00eatre rest\u00e9e debout, pour y installer un gestionnaire. Le surintendant de Parcs Canada vit dans une maison de quatre&nbsp;chambres \u00e0 coucher, seul, \u00e0 l\u2019abri des feux pendant que les membres doivent s&#8217;accommoder d\u2019installations sans cuisine, sans toucher leur allocation quotidienne. Le surintendant n\u2019a pas accord\u00e9 beaucoup de cong\u00e9s&nbsp;699 aux pompiers, y compris \u00e0 ceux qui ont vu un jeune coll\u00e8gue p\u00e9rir dans le feu.<\/p>\n\n\n\n<figure class=\"wp-block-image size-large\"><img loading=\"lazy\" width=\"605\" height=\"454\" src=\"https:\/\/www.unesen.ca\/press\/wp-content\/uploads\/2024\/10\/fence2.jpg\" alt=\"\" class=\"wp-image-12081\" srcset=\"https:\/\/www.unesen.ca\/press\/wp-content\/uploads\/2024\/10\/fence2.jpg 605w, https:\/\/www.unesen.ca\/press\/wp-content\/uploads\/2024\/10\/fence2-300x225.jpg 300w\" sizes=\"(max-width: 605px) 100vw, 605px\" \/><\/figure>\n\n\n\n<p>Permettez-moi de vous peindre un tableau fid\u00e8le de la vie de nos membres \u00e0 Jasper. Les membres travaillent, vivent et mangent dans le parc. La plupart de nos membres gagnent moins de 65&nbsp;000&nbsp;$ par ann\u00e9e. Il est vrai que cela peut sembler raisonnable, mais n\u2019oubliez pas que tout co\u00fbte cher, \u00e0 Jasper, parce que la ville d\u00e9pend enti\u00e8rement du tourisme. Le co\u00fbt de la nourriture, de l\u2019essence et de l\u2019\u00e9picerie est souvent cinq&nbsp;fois plus \u00e9lev\u00e9 que le co\u00fbt moyen dans une ville de m\u00eame taille. Leur employeur leur fournit un logement, comme le faisaient autrefois les entreprises mini\u00e8res, \u00e0 un co\u00fbt d\u00e9raisonnablement \u00e9lev\u00e9 en raison de son emplacement ou du fait qu\u2019il est tr\u00e8s loin de leur lieu de travail. Ils ne sont pas propri\u00e9taires du terrain, et, s\u2019ils ne font pas ce que leur demande leur employeur, ils pourraient se retrouver sans emploi et sans domicile. Vous ne pouvez pas \u00eatre sans-abri \u00e0 Jasper, sans quoi on vous embarque dans un autobus et on vous sort de la ville.<\/p>\n\n\n\n<p>Toutefois, je ne peux pas m\u2019emp\u00eacher de sonner l\u2019alarme de la s\u00e9curit\u00e9 publique. Ce qu\u2019a v\u00e9cu la vice-pr\u00e9sidente ex\u00e9cutive nationale et l\u2019absence de tests en bonne et due forme de d\u00e9tection des toxines et des particules veulent dire que non seulement mes membres, mais aussi tous les gens qui visitent Jasper y sont expos\u00e9s.<\/p>\n\n\n\n<figure class=\"wp-block-image size-large\"><img loading=\"lazy\" width=\"469\" height=\"625\" src=\"https:\/\/www.unesen.ca\/press\/wp-content\/uploads\/2024\/10\/Truck.jpg\" alt=\"\" class=\"wp-image-12082\" srcset=\"https:\/\/www.unesen.ca\/press\/wp-content\/uploads\/2024\/10\/Truck.jpg 469w, https:\/\/www.unesen.ca\/press\/wp-content\/uploads\/2024\/10\/Truck-225x300.jpg 225w\" sizes=\"(max-width: 469px) 100vw, 469px\" \/><\/figure>\n\n\n\n<p>Peu importe si cela d\u00e9coule de la d\u00e9cision de remettre Jasper en \u00e9tat \u2013 sans faire le grand nettoyage des produits ignifuges comme \u00e0 Fort Mac \u2013 pour que la vache \u00e0 lait de la province puisse recevoir \u00e0 nouveau des touristes. Je ne veux pas, dans une dizaine d\u2019ann\u00e9e, apprendre que mes membres et leur famille ont \u00e9t\u00e9 expos\u00e9s inutilement \u00e0 des particules nocives pour des motifs politiques et capitalistes.<\/p>\n\n\n\n<p>Je vous demande d\u2019appuyer nos confr\u00e8res et cons\u0153urs du syndicat en demandant des r\u00e9ponses.<\/p>\n\n\n\n<p>Alisha Kang,<br>Pr\u00e9sidente nationale<br>Syndicat des employ\u00e9es et employ\u00e9s nationaux<\/p>\n","protected":false},"excerpt":{"rendered":"<p>Pendant que la municipalit\u00e9, la province et le gouvernement f\u00e9d\u00e9ral se chamaillent sur la fa\u00e7on de g\u00e9rer les feux, plus de 250&nbsp;membres du personnel de Parcs Canada sont retourn\u00e9s dans la zone touch\u00e9e, o\u00f9 il y avait, sur des cl\u00f4tures, des affiches signalant la pr\u00e9sence d\u2019amiante et la d\u00e9couverte possible de toxines, y compris des &hellip; <\/p>\n<p class=\"link-more\"><a href=\"https:\/\/www.unesen.ca\/press\/?p=12069&#038;lang=fr\" class=\"more-link\">>><span class=\"screen-reader-text\"> &#8220;Parcs Canada croit qu\u2019il a fait tout ce qu\u2019il pouvait \u00e0 Jasper&#8221;<\/span><\/a><\/p>\n","protected":false},"author":2,"featured_media":0,"comment_status":"closed","ping_status":"open","sticky":false,"template":"","format":"standard","meta":{"_links_to":"","_links_to_target":""},"categories":[],"tags":[],"_links":{"self":[{"href":"https:\/\/www.unesen.ca\/press\/index.php?rest_route=\/wp\/v2\/posts\/12069"}],"collection":[{"href":"https:\/\/www.unesen.ca\/press\/index.php?rest_route=\/wp\/v2\/posts"}],"about":[{"href":"https:\/\/www.unesen.ca\/press\/index.php?rest_route=\/wp\/v2\/types\/post"}],"author":[{"embeddable":true,"href":"https:\/\/www.unesen.ca\/press\/index.php?rest_route=\/wp\/v2\/users\/2"}],"replies":[{"embeddable":true,"href":"https:\/\/www.unesen.ca\/press\/index.php?rest_route=%2Fwp%2Fv2%2Fcomments&post=12069"}],"version-history":[{"count":5,"href":"https:\/\/www.unesen.ca\/press\/index.php?rest_route=\/wp\/v2\/posts\/12069\/revisions"}],"predecessor-version":[{"id":12097,"href":"https:\/\/www.unesen.ca\/press\/index.php?rest_route=\/wp\/v2\/posts\/12069\/revisions\/12097"}],"wp:attachment":[{"href":"https:\/\/www.unesen.ca\/press\/index.php?rest_route=%2Fwp%2Fv2%2Fmedia&parent=12069"}],"wp:term":[{"taxonomy":"category","embeddable":true,"href":"https:\/\/www.unesen.ca\/press\/index.php?rest_route=%2Fwp%2Fv2%2Fcategories&post=12069"},{"taxonomy":"post_tag","embeddable":true,"href":"https:\/\/www.unesen.ca\/press\/index.php?rest_route=%2Fwp%2Fv2%2Ftags&post=12069"}],"curies":[{"name":"wp","href":"https:\/\/api.w.org\/{rel}","templated":true}]}}