{"id":12061,"date":"2024-10-17T17:29:00","date_gmt":"2024-10-17T22:29:00","guid":{"rendered":"https:\/\/www.unesen.ca\/press\/?p=12061"},"modified":"2024-10-18T17:29:39","modified_gmt":"2024-10-18T22:29:39","slug":"joignons-nous-au-recours-collectif-des-noirs-lors-des-journees-de-certification-presentez-vous-levez-vous-faites-vous-entendre","status":"publish","type":"post","link":"https:\/\/www.unesen.ca\/press\/?p=12061&amp;lang=fr","title":{"rendered":"Joignons-nous au recours collectif des Noirs lors des journ\u00e9es de certification \u2013 Pr\u00e9sentez-vous. Levez-vous. Faites-vous entendre."},"content":{"rendered":"\n<figure class=\"wp-block-image size-large\"><img loading=\"lazy\" width=\"1024\" height=\"576\" src=\"https:\/\/www.unesen.ca\/press\/wp-content\/uploads\/2024\/10\/BCACert-f-1024x576.png\" alt=\"\" class=\"wp-image-12098\" srcset=\"https:\/\/www.unesen.ca\/press\/wp-content\/uploads\/2024\/10\/BCACert-f-1024x576.png 1024w, https:\/\/www.unesen.ca\/press\/wp-content\/uploads\/2024\/10\/BCACert-f-300x169.png 300w, https:\/\/www.unesen.ca\/press\/wp-content\/uploads\/2024\/10\/BCACert-f-768x432.png 768w, https:\/\/www.unesen.ca\/press\/wp-content\/uploads\/2024\/10\/BCACert-f-1536x864.png 1536w, https:\/\/www.unesen.ca\/press\/wp-content\/uploads\/2024\/10\/BCACert-f.png 1920w\" sizes=\"(max-width: 767px) 89vw, (max-width: 1000px) 54vw, (max-width: 1071px) 543px, 580px\" \/><\/figure>\n\n\n\n<p>C&#8217;est un moment crucial dans la lutte pour la justice, et nous avons besoin de rester solidaires ! Vous \u00eates invit\u00e9s \u00e0 nous rejoindre en personne pour l&#8217;audience du tribunal de l&#8217;Action collective des Noirs.<\/p>\n\n\n\n<p>Soyez pr\u00e9sents. Levez-vous. Faites-vous entendre.<\/p>\n\n\n\n<p>Votre pr\u00e9sence est importante, et ensemble, nous pourrons continuer \u00e0 lutter pour l&#8217;\u00e9galit\u00e9 et la justice pour les fonctionnaires Noirs et les communaut\u00e9s racis\u00e9es.<\/p>\n\n\n\n<p>Date : 28 octobre 2024 (pour 12 jours)&nbsp;<\/p>\n\n\n\n<p>Lieu : 180, rue Queen<\/p>\n\n\n\n<p>Heure : 9h30 tous les jours<\/p>\n\n\n\n<p>Restons unis luttons pour la justice !<\/p>\n\n\n\n<p>En solidarit\u00e9,<\/p>\n","protected":false},"excerpt":{"rendered":"<p>C&#8217;est un moment crucial dans la lutte pour la justice, et nous avons besoin de rester solidaires ! Vous \u00eates invit\u00e9s \u00e0 nous rejoindre en personne pour l&#8217;audience du tribunal de l&#8217;Action collective des Noirs. Soyez pr\u00e9sents. Levez-vous. Faites-vous entendre. Votre pr\u00e9sence est importante, et ensemble, nous pourrons continuer \u00e0 lutter pour l&#8217;\u00e9galit\u00e9 et la &hellip; <\/p>\n<p class=\"link-more\"><a href=\"https:\/\/www.unesen.ca\/press\/?p=12061&#038;lang=fr\" class=\"more-link\">>><span class=\"screen-reader-text\"> &#8220;Joignons-nous au recours collectif des Noirs lors des journ\u00e9es de certification \u2013 Pr\u00e9sentez-vous. Levez-vous. Faites-vous entendre.&#8221;<\/span><\/a><\/p>\n","protected":false},"author":2,"featured_media":0,"comment_status":"closed","ping_status":"open","sticky":false,"template":"","format":"standard","meta":{"_links_to":"","_links_to_target":""},"categories":[],"tags":[],"_links":{"self":[{"href":"https:\/\/www.unesen.ca\/press\/index.php?rest_route=\/wp\/v2\/posts\/12061"}],"collection":[{"href":"https:\/\/www.unesen.ca\/press\/index.php?rest_route=\/wp\/v2\/posts"}],"about":[{"href":"https:\/\/www.unesen.ca\/press\/index.php?rest_route=\/wp\/v2\/types\/post"}],"author":[{"embeddable":true,"href":"https:\/\/www.unesen.ca\/press\/index.php?rest_route=\/wp\/v2\/users\/2"}],"replies":[{"embeddable":true,"href":"https:\/\/www.unesen.ca\/press\/index.php?rest_route=%2Fwp%2Fv2%2Fcomments&post=12061"}],"version-history":[{"count":2,"href":"https:\/\/www.unesen.ca\/press\/index.php?rest_route=\/wp\/v2\/posts\/12061\/revisions"}],"predecessor-version":[{"id":12099,"href":"https:\/\/www.unesen.ca\/press\/index.php?rest_route=\/wp\/v2\/posts\/12061\/revisions\/12099"}],"wp:attachment":[{"href":"https:\/\/www.unesen.ca\/press\/index.php?rest_route=%2Fwp%2Fv2%2Fmedia&parent=12061"}],"wp:term":[{"taxonomy":"category","embeddable":true,"href":"https:\/\/www.unesen.ca\/press\/index.php?rest_route=%2Fwp%2Fv2%2Fcategories&post=12061"},{"taxonomy":"post_tag","embeddable":true,"href":"https:\/\/www.unesen.ca\/press\/index.php?rest_route=%2Fwp%2Fv2%2Ftags&post=12061"}],"curies":[{"name":"wp","href":"https:\/\/api.w.org\/{rel}","templated":true}]}}