{"id":12055,"date":"2024-10-08T09:28:13","date_gmt":"2024-10-08T14:28:13","guid":{"rendered":"https:\/\/www.unesen.ca\/press\/?p=12055"},"modified":"2024-10-08T09:28:13","modified_gmt":"2024-10-08T14:28:13","slug":"annonce-dune-nouvelle-membre-au-sein-de-lequipe-du-sen","status":"publish","type":"post","link":"https:\/\/www.unesen.ca\/press\/?p=12055&amp;lang=fr","title":{"rendered":"Annonce d\u2019une nouvelle membre au sein de l\u2019\u00e9quipe du SEN"},"content":{"rendered":"\n<figure class=\"wp-block-image size-large\"><img loading=\"lazy\" width=\"1024\" height=\"538\" src=\"https:\/\/www.unesen.ca\/press\/wp-content\/uploads\/2024\/10\/TeamStaff-1-1024x538.png\" alt=\"\" class=\"wp-image-12057\" srcset=\"https:\/\/www.unesen.ca\/press\/wp-content\/uploads\/2024\/10\/TeamStaff-1-1024x538.png 1024w, https:\/\/www.unesen.ca\/press\/wp-content\/uploads\/2024\/10\/TeamStaff-1-300x158.png 300w, https:\/\/www.unesen.ca\/press\/wp-content\/uploads\/2024\/10\/TeamStaff-1-768x403.png 768w, https:\/\/www.unesen.ca\/press\/wp-content\/uploads\/2024\/10\/TeamStaff-1.png 1200w\" sizes=\"(max-width: 767px) 89vw, (max-width: 1000px) 54vw, (max-width: 1071px) 543px, 580px\" \/><\/figure>\n\n\n\n<p><\/p>\n\n\n\n<p>O\u2019Siyo \u13a3\u13cf\u13f2 \u00ab\u00a0o-si-yo\u00a0\u00bb (en cherokee\u00a0: je vous vois), hello et bonjour cons\u0153urs et confr\u00e8res!<\/p>\n\n\n\n<p>Je suis ravie d\u2019annoncer que Sylvie\u00a0Courchaine s\u2019est jointe \u00e0 l\u2019\u00e9quipe du\u00a0SEN le 18\u00a0septembre\u00a02024, en tant qu\u2019adjointe ex\u00e9cutive de l\u2019\u00e9quipe de direction.<\/p>\n\n\n\n<p>Elle se r\u00e9v\u00e8le d\u00e9j\u00e0 \u00eatre un excellent ajout \u00e0 l\u2019organisation et elle va nous aider avec la nouvelle orientation que nous avons \u00e9tablie au cours du pr\u00e9sent mandat.<\/p>\n\n\n\n<p>Sylvie&nbsp;Courchaine nous vient de l\u2019Alliance de la Fonction publique du Canada (AFPC), o\u00f9 elle a occup\u00e9 divers postes durant les dix-huit derni\u00e8res ann\u00e9es. Elle a commenc\u00e9 son parcours \u00e0 l\u2019AFPC en tant que commis comptable \u00e0 la comptabilit\u00e9 g\u00e9n\u00e9rale, s\u2019occupant de g\u00e9rer les demandes de remboursement des membres et du personnel, ainsi que les comptes d\u00e9biteurs et cr\u00e9diteurs. Durant cette p\u00e9riode, elle a suivi le cours sur les fondements de la comptabilit\u00e9 g\u00e9n\u00e9rale dans le cadre du programme des comptables g\u00e9n\u00e9raux agr\u00e9\u00e9s de l\u2019Ontario.<\/p>\n\n\n\n<div class=\"wp-block-image\"><figure class=\"alignleft size-large\"><img loading=\"lazy\" width=\"337\" height=\"437\" src=\"https:\/\/www.unesen.ca\/press\/wp-content\/uploads\/2024\/10\/SylvieCourchaine-1.jpg\" alt=\"\" class=\"wp-image-12056\" srcset=\"https:\/\/www.unesen.ca\/press\/wp-content\/uploads\/2024\/10\/SylvieCourchaine-1.jpg 337w, https:\/\/www.unesen.ca\/press\/wp-content\/uploads\/2024\/10\/SylvieCourchaine-1-231x300.jpg 231w\" sizes=\"(max-width: 337px) 100vw, 337px\" \/><\/figure><\/div>\n\n\n\n<p>Apr\u00e8s quatre&nbsp;ans en comptabilit\u00e9, Sylvie a fait la transition vers la direction des ressources humaines en tant qu\u2019administratrice de la paye et des avantages sociaux, des fonctions qu\u2019elle avait d\u00e9j\u00e0 exerc\u00e9es pendant dix-huit&nbsp;ans dans une grande cha\u00eene de vente au d\u00e9tail avant de se joindre \u00e0 l\u2019AFPC. Son d\u00e9vouement et son expertise lui ont valu d\u2019\u00eatre promue au poste de superviseure de la paye, puis \u00e0 celui de superviseure de la paye et des avantages sociaux, postes qu\u2019elle a occup\u00e9s pendant plus de neuf&nbsp;ans.<\/p>\n\n\n\n<p>La curiosit\u00e9 et la passion de Sylvie pour l\u2019apprentissage l\u2019ont propuls\u00e9e vers son r\u00f4le le plus r\u00e9cent d\u2019agente, Cotisations et gestion de l\u2019information, qu\u2019elle a occup\u00e9 depuis octobre dernier. Elle a un vif int\u00e9r\u00eat pour le travail avec Excel, en particulier l\u2019utilisation de formules avanc\u00e9es, la cr\u00e9ation de macros et la conception de tableaux crois\u00e9s dynamiques.<\/p>\n\n\n\n<p>Dans ses temps libres, Sylvie aime bricoler, chanter et passer du temps de qualit\u00e9 avec sa famille.<\/p>\n\n\n\n<p>Veuillez vous joindre \u00e0 moi pour accueillir chaleureusement Sylvie au sein de l\u2019\u00e9quipe du SEN.<\/p>\n\n\n\n<p>Thank you, Merci, \u13d9\u13be\u13d3\u13aa\u13b2\u13a2 \u201cdi-da-yo-li-hv-dv-ga-le-ni-s-gv,\u201d which means \u201cUntil we meet again\u201d<\/p>\n\n\n\n<p>Alisha Kang (nee Campbell)<br>Pr\u00e9sidente nationale<\/p>\n","protected":false},"excerpt":{"rendered":"<p>O\u2019Siyo \u13a3\u13cf\u13f2 \u00ab\u00a0o-si-yo\u00a0\u00bb (en cherokee\u00a0: je vous vois), hello et bonjour cons\u0153urs et confr\u00e8res! Je suis ravie d\u2019annoncer que Sylvie\u00a0Courchaine s\u2019est jointe \u00e0 l\u2019\u00e9quipe du\u00a0SEN le 18\u00a0septembre\u00a02024, en tant qu\u2019adjointe ex\u00e9cutive de l\u2019\u00e9quipe de direction. Elle se r\u00e9v\u00e8le d\u00e9j\u00e0 \u00eatre un excellent ajout \u00e0 l\u2019organisation et elle va nous aider avec la nouvelle orientation que &hellip; <\/p>\n<p class=\"link-more\"><a href=\"https:\/\/www.unesen.ca\/press\/?p=12055&#038;lang=fr\" class=\"more-link\">>><span class=\"screen-reader-text\"> &#8220;Annonce d\u2019une nouvelle membre au sein de l\u2019\u00e9quipe du SEN&#8221;<\/span><\/a><\/p>\n","protected":false},"author":2,"featured_media":0,"comment_status":"closed","ping_status":"open","sticky":false,"template":"","format":"standard","meta":{"_links_to":"","_links_to_target":""},"categories":[],"tags":[],"_links":{"self":[{"href":"https:\/\/www.unesen.ca\/press\/index.php?rest_route=\/wp\/v2\/posts\/12055"}],"collection":[{"href":"https:\/\/www.unesen.ca\/press\/index.php?rest_route=\/wp\/v2\/posts"}],"about":[{"href":"https:\/\/www.unesen.ca\/press\/index.php?rest_route=\/wp\/v2\/types\/post"}],"author":[{"embeddable":true,"href":"https:\/\/www.unesen.ca\/press\/index.php?rest_route=\/wp\/v2\/users\/2"}],"replies":[{"embeddable":true,"href":"https:\/\/www.unesen.ca\/press\/index.php?rest_route=%2Fwp%2Fv2%2Fcomments&post=12055"}],"version-history":[{"count":1,"href":"https:\/\/www.unesen.ca\/press\/index.php?rest_route=\/wp\/v2\/posts\/12055\/revisions"}],"predecessor-version":[{"id":12058,"href":"https:\/\/www.unesen.ca\/press\/index.php?rest_route=\/wp\/v2\/posts\/12055\/revisions\/12058"}],"wp:attachment":[{"href":"https:\/\/www.unesen.ca\/press\/index.php?rest_route=%2Fwp%2Fv2%2Fmedia&parent=12055"}],"wp:term":[{"taxonomy":"category","embeddable":true,"href":"https:\/\/www.unesen.ca\/press\/index.php?rest_route=%2Fwp%2Fv2%2Fcategories&post=12055"},{"taxonomy":"post_tag","embeddable":true,"href":"https:\/\/www.unesen.ca\/press\/index.php?rest_route=%2Fwp%2Fv2%2Ftags&post=12055"}],"curies":[{"name":"wp","href":"https:\/\/api.w.org\/{rel}","templated":true}]}}