{"id":12038,"date":"2024-10-03T09:19:17","date_gmt":"2024-10-03T14:19:17","guid":{"rendered":"https:\/\/www.unesen.ca\/press\/?p=12038"},"modified":"2024-10-03T09:41:35","modified_gmt":"2024-10-03T14:41:35","slug":"nouveau-cours-en-ligne-ensemble-sur-le-chemin-de-la-verite","status":"publish","type":"post","link":"https:\/\/www.unesen.ca\/press\/?p=12038&amp;lang=fr","title":{"rendered":"Nouveau cours en ligne de l&#8217;AFPC : Ensemble sur le chemin de la v\u00e9rit\u00e9"},"content":{"rendered":"\n<figure class=\"wp-block-image size-large\"><img loading=\"lazy\" width=\"1024\" height=\"576\" src=\"https:\/\/www.unesen.ca\/press\/wp-content\/uploads\/2024\/10\/2-1024x576.png\" alt=\"\" class=\"wp-image-12045\" srcset=\"https:\/\/www.unesen.ca\/press\/wp-content\/uploads\/2024\/10\/2-1024x576.png 1024w, https:\/\/www.unesen.ca\/press\/wp-content\/uploads\/2024\/10\/2-300x169.png 300w, https:\/\/www.unesen.ca\/press\/wp-content\/uploads\/2024\/10\/2-768x432.png 768w, https:\/\/www.unesen.ca\/press\/wp-content\/uploads\/2024\/10\/2-1536x864.png 1536w, https:\/\/www.unesen.ca\/press\/wp-content\/uploads\/2024\/10\/2.png 1920w\" sizes=\"(max-width: 767px) 89vw, (max-width: 1000px) 54vw, (max-width: 1071px) 543px, 580px\" \/><\/figure>\n\n\n\n<p>Notre syndicat milite pour la r\u00e9conciliation et pour des milieux de travail inclusifs qui refl\u00e8tent le v\u00e9cu unique des peuples autochtones.<\/p>\n\n\n\n<p>Dans la foul\u00e9e de la Journ\u00e9e nationale de la v\u00e9rit\u00e9 et de la r\u00e9conciliation, l\u2019AFPC est fi\u00e8re de lancer un nouveau cours en ligne, Ensemble sur le chemin de la v\u00e9rit\u00e9, qui jette les bases de la qu\u00eate de v\u00e9rit\u00e9. Ce cours vous est destin\u00e9 et on esp\u00e8re qu\u2019il nous rapprochera de la justice et de la r\u00e9conciliation.&nbsp;<\/p>\n\n\n\n<p>Le cours s\u2019inspire en partie d\u2019appels \u00e0 l\u2019action de la Commission de v\u00e9rit\u00e9 et r\u00e9conciliation, exigeant des gouvernements et des organisations qu\u2019ils diss\u00e9minent de l\u2019information sur les s\u00e9quelles des pensionnats, la D\u00e9claration des Nations Unies sur les droits des peuples autochtones, les lois, les droits et les trait\u00e9s, les relations couronne-Autochtones et d\u2019autres volets de l\u2019histoire autochtone. Les 10&nbsp;modules du cours traiteront de ces questions vitales.<\/p>\n\n\n\n<p><a rel=\"noreferrer noopener\" href=\"https:\/\/psac-afpc.reach360.com\/register\/2752b68d-a32a-4e68-b7e6-397b3ae53ba7\" data-type=\"URL\" data-id=\"https:\/\/psac-afpc.reach360.com\/register\/2752b68d-a32a-4e68-b7e6-397b3ae53ba7\" target=\"_blank\"><strong>Inscrivez-vous d\u00e8s aujourd&#8217;hui<\/strong><\/a>.<\/p>\n\n\n\n<p>Participez \u00e0 la d\u00e9couverte sans plus tarder en vous inscrivant au cours. Le premier module est d\u00e9j\u00e0 en ligne et d\u2019autres suivront tous les mois. Vous pouvez suivre chaque module \u00e0 votre rythme.<\/p>\n\n\n\n<p>Ce cours est plus qu\u2019une ressource d\u2019apprentissage. C\u2019est un pas essentiel vers la reconnaissance et la r\u00e9paration des injustices inflig\u00e9es aux Autochtones ici m\u00eame, encore \u00e0 ce jour.<\/p>\n\n\n\n<p>Chaque pas qu\u2019on fait ensemble nous rapproche d\u2019une soci\u00e9t\u00e9 plus juste et plus inclusive. On a tous un r\u00f4le \u00e0 jouer, que ce soit en se renseignant, en suivant des formations, en d\u00e9fendant la cause ou simplement en ouvrant notre c\u0153ur.<\/p>\n\n\n\n<p>Ayons l\u2019esprit ouvert, affirmons notre volont\u00e9 de r\u00e9conciliation et int\u00e9grons nos apprentissages \u00e0 notre quotidien et \u00e0 notre travail.<\/p>\n\n\n\n<p><strong><a rel=\"noreferrer noopener\" href=\"https:\/\/psac-afpc.reach360.com\/register\/2752b68d-a32a-4e68-b7e6-397b3ae53ba7\" data-type=\"URL\" data-id=\"https:\/\/psac-afpc.reach360.com\/register\/2752b68d-a32a-4e68-b7e6-397b3ae53ba7\" target=\"_blank\">Inscrivez-vous d\u00e8s aujourd&#8217;hu<\/a><a href=\"https:\/\/psac-afpc.reach360.com\/register\/2752b68d-a32a-4e68-b7e6-397b3ae53ba7\" data-type=\"URL\" data-id=\"https:\/\/psac-afpc.reach360.com\/register\/2752b68d-a32a-4e68-b7e6-397b3ae53ba7\">i<\/a><\/strong>.<\/p>\n\n\n\n<p>Miigwitch,<\/p>\n\n\n\n<p>Sharon&nbsp;DeSousa, pr\u00e9sidente nationale, AFPC<br>Cercle national des peuples autochtones<\/p>\n\n\n\n<p><em>L\u2019image d\u2019en-t\u00eate est une reproduction partielle de l\u2019\u0153uvre \u00ab Wisdom of the Universe \u00bb sign\u00e9e&nbsp;<a rel=\"noreferrer noopener\" href=\"http:\/\/christibelcourt.com\/\" target=\"_blank\">Christi Belcourt<\/a>, artiste m\u00e9tisse prim\u00e9e.<\/em><\/p>\n\n\n\n<p>Source : <a href=\"https:\/\/syndicatafpc.ca\/nouveau-cours-en-ligne-ensemble-sur-chemin-verite?_ga=2.63955695.1102226271.1727964529-957107420.1714675035\">Nouveau cours en ligne&nbsp;: Ensemble sur le chemin de la v\u00e9rit\u00e9 | Alliance de la Fonction publique du Canada (syndicatafpc.ca)<\/a><\/p>\n\n\n\n<p><\/p>\n","protected":false},"excerpt":{"rendered":"<p>Notre syndicat milite pour la r\u00e9conciliation et pour des milieux de travail inclusifs qui refl\u00e8tent le v\u00e9cu unique des peuples autochtones. Dans la foul\u00e9e de la Journ\u00e9e nationale de la v\u00e9rit\u00e9 et de la r\u00e9conciliation, l\u2019AFPC est fi\u00e8re de lancer un nouveau cours en ligne, Ensemble sur le chemin de la v\u00e9rit\u00e9, qui jette les &hellip; <\/p>\n<p class=\"link-more\"><a href=\"https:\/\/www.unesen.ca\/press\/?p=12038&#038;lang=fr\" class=\"more-link\">>><span class=\"screen-reader-text\"> &#8220;Nouveau cours en ligne de l&#8217;AFPC : Ensemble sur le chemin de la v\u00e9rit\u00e9&#8221;<\/span><\/a><\/p>\n","protected":false},"author":6,"featured_media":0,"comment_status":"closed","ping_status":"open","sticky":false,"template":"","format":"standard","meta":{"_links_to":"","_links_to_target":""},"categories":[],"tags":[],"_links":{"self":[{"href":"https:\/\/www.unesen.ca\/press\/index.php?rest_route=\/wp\/v2\/posts\/12038"}],"collection":[{"href":"https:\/\/www.unesen.ca\/press\/index.php?rest_route=\/wp\/v2\/posts"}],"about":[{"href":"https:\/\/www.unesen.ca\/press\/index.php?rest_route=\/wp\/v2\/types\/post"}],"author":[{"embeddable":true,"href":"https:\/\/www.unesen.ca\/press\/index.php?rest_route=\/wp\/v2\/users\/6"}],"replies":[{"embeddable":true,"href":"https:\/\/www.unesen.ca\/press\/index.php?rest_route=%2Fwp%2Fv2%2Fcomments&post=12038"}],"version-history":[{"count":4,"href":"https:\/\/www.unesen.ca\/press\/index.php?rest_route=\/wp\/v2\/posts\/12038\/revisions"}],"predecessor-version":[{"id":12048,"href":"https:\/\/www.unesen.ca\/press\/index.php?rest_route=\/wp\/v2\/posts\/12038\/revisions\/12048"}],"wp:attachment":[{"href":"https:\/\/www.unesen.ca\/press\/index.php?rest_route=%2Fwp%2Fv2%2Fmedia&parent=12038"}],"wp:term":[{"taxonomy":"category","embeddable":true,"href":"https:\/\/www.unesen.ca\/press\/index.php?rest_route=%2Fwp%2Fv2%2Fcategories&post=12038"},{"taxonomy":"post_tag","embeddable":true,"href":"https:\/\/www.unesen.ca\/press\/index.php?rest_route=%2Fwp%2Fv2%2Ftags&post=12038"}],"curies":[{"name":"wp","href":"https:\/\/api.w.org\/{rel}","templated":true}]}}