{"id":11971,"date":"2024-09-26T11:20:31","date_gmt":"2024-09-26T16:20:31","guid":{"rendered":"https:\/\/www.unesen.ca\/press\/?p=11971"},"modified":"2024-09-26T11:20:32","modified_gmt":"2024-09-26T16:20:32","slug":"journee-du-chandail-orange-2","status":"publish","type":"post","link":"https:\/\/www.unesen.ca\/press\/?p=11971&amp;lang=fr","title":{"rendered":"Journ\u00e9e du chandail orange"},"content":{"rendered":"\n<figure class=\"wp-block-image size-large\"><img loading=\"lazy\" width=\"1024\" height=\"576\" src=\"https:\/\/www.unesen.ca\/press\/wp-content\/uploads\/2024\/09\/image-1024x576.png\" alt=\"\" class=\"wp-image-11972\" srcset=\"https:\/\/www.unesen.ca\/press\/wp-content\/uploads\/2024\/09\/image-1024x576.png 1024w, https:\/\/www.unesen.ca\/press\/wp-content\/uploads\/2024\/09\/image-300x169.png 300w, https:\/\/www.unesen.ca\/press\/wp-content\/uploads\/2024\/09\/image-768x432.png 768w, https:\/\/www.unesen.ca\/press\/wp-content\/uploads\/2024\/09\/image-1536x864.png 1536w, https:\/\/www.unesen.ca\/press\/wp-content\/uploads\/2024\/09\/image.png 1920w\" sizes=\"(max-width: 767px) 89vw, (max-width: 1000px) 54vw, (max-width: 1071px) 543px, 580px\" \/><\/figure>\n\n\n\n<p>Le 30&nbsp;septembre marquera la Journ\u00e9e du chandail orange et la Journ\u00e9e nationale de la v\u00e9rit\u00e9 et de la r\u00e9conciliation, un nouveau jour f\u00e9ri\u00e9 pour l\u2019ensemble des les fonctionnaires de la fonction publique f\u00e9d\u00e9rale. Pour marquer l\u2019occasion, portez un chandail orange \u00e0 la m\u00e9moire des enfants autochtones qui ont \u00e9t\u00e9 envoy\u00e9\u2219e\u2219s de force dans les pensionnats et n\u2019en sont jamais revenu\u2219e\u2219s, pour honorer les survivant\u2219e\u2219s, leurs familles, et leurs communaut\u00e9s.<\/p>\n\n\n\n<p>La Commission de v\u00e9rit\u00e9 et r\u00e9conciliation du Canada (CVR) a \u00e9t\u00e9 \u00e9tablie par les survivant\u2219e\u2219s des pensionnats autochtones, l\u2019Assembl\u00e9e des Premi\u00e8res Nations et les repr\u00e9sentant\u2219e\u2219s des Inuits ainsi que par celles et ceux qui ont cr\u00e9\u00e9 et dirig\u00e9 ces \u00e9coles, soit le gouvernement f\u00e9d\u00e9ral et les autorit\u00e9s eccl\u00e9siastiques. La CVR a aussi re\u00e7u les conseils des dix membres du Comit\u00e9 des survivant\u2219e\u2219s des pensionnats autochtones, des survivant\u2219e\u2219s des pensionnats autochtones de tout le Canada.<\/p>\n\n\n\n<p>Dans son rapport final publi\u00e9 en&nbsp;2015, la CVR lance 94&nbsp;appels \u00e0 l\u2019action et demande aux gouvernements de l\u2019ensemble du Canada de mettre en \u0153uvre un large \u00e9ventail d\u2019initiatives de r\u00e9conciliation.<\/p>\n\n\n\n<p>La CVR a aussi organis\u00e9 des \u00e9v\u00e9nements d\u2019envergure nationale dans diff\u00e9rentes r\u00e9gions du Canada pour faire mieux conna\u00eetre et comprendre \u00e0 la population le syst\u00e8me des pensionnats autochtones et ses r\u00e9percussions. De plus, la CVR a appuy\u00e9 divers \u00e9v\u00e9nements organis\u00e9s par des communaut\u00e9s dans le but de r\u00e9pondre \u00e0 leurs besoins particuliers.<\/p>\n\n\n\n<p>Parmi les quatre-vingt-quatorze appels \u00e0 l\u2019action de la CVR, seuls quelque uns ont \u00e9t\u00e9 mis en \u0153uvre. Ces appels \u00e0 l\u2019action continuent de faire leur chemin, mais trop lentement pour de nombreux survivant\u2219e\u2219s, leurs familles et les communaut\u00e9s autochtones. L\u2019un de ces appels \u00e0 l\u2019action porte sur le syst\u00e8me de protection de l\u2019enfance. Les enfants autochtones sont, en moyenne, les plus souvent pris en charge par ce syst\u00e8me. Certain\u2219e\u2219s pourraient dire que le g\u00e9nocide culturel se poursuit. Les enfants autochtones repr\u00e9sentent 53,8&nbsp;% des enfants de moins de 14&nbsp;ans plac\u00e9\u2219e\u2219s en famille d\u2019accueil.<\/p>\n\n\n\n<p>Le Secr\u00e9tariat des survivants a \u00e9t\u00e9 cr\u00e9\u00e9 en&nbsp;2021 pour organiser et soutenir les efforts visant \u00e0 r\u00e9v\u00e9ler, documenter et exposer ce qui s\u2019est r\u00e9ellement pass\u00e9 pendant les 140&nbsp;ann\u00e9es d\u2019activit\u00e9 de l\u2019Institut Mohawk, qui, apr\u00e8s sa fermeture a \u00e9t\u00e9 renomm\u00e9 Centre culturel Woodland.<\/p>\n\n\n\n<p>Le Centre pr\u00e9serve et fait conna\u00eetre la langue, la culture et l\u2019art autochtone et nous raconte l\u2019histoire du peuple Rotinahshonni gr\u00e2ce \u00e0 des expositions et des programmes novateurs.<\/p>\n\n\n\n<p>La CVR reconna\u00eet la souffrance et les pertes v\u00e9cues par les survivant\u2219e\u2219s et leur offre une plateforme o\u00f9 elles\/ils peuvent raconter leurs histoires. La CVR a boulevers\u00e9 la fa\u00e7on dont les Canadien\u2219ne\u2219s per\u00e7oivent l\u2019histoire, particuli\u00e8rement en ce qui a trait au traitement des Autochtones. Toutefois, le mot \u00ab&nbsp;r\u00e9conciliation&nbsp;\u00bb demeure controvers\u00e9 parmi les communaut\u00e9s autochtones en raison d\u2019un manque d\u2019action d\u2019accompagnement.<\/p>\n\n\n\n<p>Lenora Maracle<br>Repr\u00e9sentante nationale de l&#8217;\u00e9quit\u00e9 pour les Autochtones du SEN<\/p>\n","protected":false},"excerpt":{"rendered":"<p>Le 30&nbsp;septembre marquera la Journ\u00e9e du chandail orange et la Journ\u00e9e nationale de la v\u00e9rit\u00e9 et de la r\u00e9conciliation, un nouveau jour f\u00e9ri\u00e9 pour l\u2019ensemble des les fonctionnaires de la fonction publique f\u00e9d\u00e9rale. Pour marquer l\u2019occasion, portez un chandail orange \u00e0 la m\u00e9moire des enfants autochtones qui ont \u00e9t\u00e9 envoy\u00e9\u2219e\u2219s de force dans les pensionnats &hellip; <\/p>\n<p class=\"link-more\"><a href=\"https:\/\/www.unesen.ca\/press\/?p=11971&#038;lang=fr\" class=\"more-link\">>><span class=\"screen-reader-text\"> &#8220;Journ\u00e9e du chandail orange&#8221;<\/span><\/a><\/p>\n","protected":false},"author":6,"featured_media":0,"comment_status":"closed","ping_status":"open","sticky":false,"template":"","format":"standard","meta":{"_links_to":"","_links_to_target":""},"categories":[],"tags":[],"_links":{"self":[{"href":"https:\/\/www.unesen.ca\/press\/index.php?rest_route=\/wp\/v2\/posts\/11971"}],"collection":[{"href":"https:\/\/www.unesen.ca\/press\/index.php?rest_route=\/wp\/v2\/posts"}],"about":[{"href":"https:\/\/www.unesen.ca\/press\/index.php?rest_route=\/wp\/v2\/types\/post"}],"author":[{"embeddable":true,"href":"https:\/\/www.unesen.ca\/press\/index.php?rest_route=\/wp\/v2\/users\/6"}],"replies":[{"embeddable":true,"href":"https:\/\/www.unesen.ca\/press\/index.php?rest_route=%2Fwp%2Fv2%2Fcomments&post=11971"}],"version-history":[{"count":1,"href":"https:\/\/www.unesen.ca\/press\/index.php?rest_route=\/wp\/v2\/posts\/11971\/revisions"}],"predecessor-version":[{"id":11973,"href":"https:\/\/www.unesen.ca\/press\/index.php?rest_route=\/wp\/v2\/posts\/11971\/revisions\/11973"}],"wp:attachment":[{"href":"https:\/\/www.unesen.ca\/press\/index.php?rest_route=%2Fwp%2Fv2%2Fmedia&parent=11971"}],"wp:term":[{"taxonomy":"category","embeddable":true,"href":"https:\/\/www.unesen.ca\/press\/index.php?rest_route=%2Fwp%2Fv2%2Fcategories&post=11971"},{"taxonomy":"post_tag","embeddable":true,"href":"https:\/\/www.unesen.ca\/press\/index.php?rest_route=%2Fwp%2Fv2%2Ftags&post=11971"}],"curies":[{"name":"wp","href":"https:\/\/api.w.org\/{rel}","templated":true}]}}