{"id":11825,"date":"2024-08-27T07:08:00","date_gmt":"2024-08-27T12:08:00","guid":{"rendered":"https:\/\/www.unesen.ca\/press\/?p=11825"},"modified":"2024-08-28T07:08:51","modified_gmt":"2024-08-28T12:08:51","slug":"joignez-vous-a-lafpc-rcn-et-au-conseil-regional-dottawa-a-loccasion-de-la-fete-du-travail-2024-dottawa","status":"publish","type":"post","link":"https:\/\/www.unesen.ca\/press\/?p=11825&amp;lang=fr","title":{"rendered":"Joignez-vous \u00e0 l\u2019AFPC RCN et au Conseil r\u00e9gional d\u2019Ottawa \u00e0 l\u2019occasion de la F\u00eate du travail 2024 d\u2019Ottawa !"},"content":{"rendered":"\n<figure class=\"wp-block-image size-large\"><img loading=\"lazy\" width=\"1024\" height=\"576\" src=\"https:\/\/www.unesen.ca\/press\/wp-content\/uploads\/2024\/08\/LabourDay-f-1024x576.png\" alt=\"\" class=\"wp-image-11826\" srcset=\"https:\/\/www.unesen.ca\/press\/wp-content\/uploads\/2024\/08\/LabourDay-f-1024x576.png 1024w, https:\/\/www.unesen.ca\/press\/wp-content\/uploads\/2024\/08\/LabourDay-f-300x169.png 300w, https:\/\/www.unesen.ca\/press\/wp-content\/uploads\/2024\/08\/LabourDay-f-768x432.png 768w, https:\/\/www.unesen.ca\/press\/wp-content\/uploads\/2024\/08\/LabourDay-f-1536x864.png 1536w, https:\/\/www.unesen.ca\/press\/wp-content\/uploads\/2024\/08\/LabourDay-f.png 1920w\" sizes=\"(max-width: 767px) 89vw, (max-width: 1000px) 54vw, (max-width: 1071px) 543px, 580px\" \/><\/figure>\n\n\n\n<p>2 septembre 2024, 9h30 &#8211; 16h<\/p>\n\n\n\n<p>233 rue Gilmour, Ottawa<\/p>\n\n\n\n<p>Le Conseil r\u00e9gional Ottawa (CRO) de l&#8217;AFPC RCN est heureux d&#8217;annoncer sa participation \u00e0 la marche de la F\u00eate du travail d&#8217;Ottawa 2024 ! La marche, organis\u00e9e par le Conseil du travail du district d&#8217;Ottawa (en anglais seulement), aura lieu le lundi 2 septembre de 12 heures et un pique-nique de 12 h 45 \u00e0 16 heures.<\/p>\n\n\n\n<p>Le&nbsp;<a href=\"https:\/\/psac-ncr.com\/topics\/ottawa-area-council\/\">Conseil r\u00e9gional Ottawa (CRO)<\/a>&nbsp;de l\u2019AFPC RCN est heureux d\u2019annoncer sa participation \u00e0 la marche de la F\u00eate du travail d\u2019Ottawa 2024 ! La marche, organis\u00e9e par le&nbsp;<a href=\"https:\/\/ottawalabour.labourcouncils.ca\/events\/2004-ottawa-labour-day-march-and-picnic\/?lang=en\">Conseil du travail du district d\u2019Ottawa<\/a>&nbsp;(en anglais seulement), aura lieu le lundi 2 septembre de 12 heures et un pique-nique de 12 h 45 \u00e0 16 heures.<\/p>\n\n\n\n<p>Rejoignez-nous afin d\u2019afficher votre solidarit\u00e9 envers tous ceux qui luttent pour rendre la vie de tous les travailleurs et leurs familles plus juste. Apr\u00e8s la marche, l\u2019AFPC RCN tiendra \u00e9galement un stand lors du pique-nique qui aura lieu au parc McNabb.&nbsp;<\/p>\n\n\n\n<p><strong>Vous souhaitez vous joindre \u00e0 la d\u00e9l\u00e9gation AFPC RCN?<a href=\"https:\/\/actionnetwork.org\/events\/la-fete-du-travail-2024\/\">&nbsp;Inscrivez-vous en tant que participant.<\/a><\/strong><\/p>\n\n\n\n<p>Les membres sont encourag\u00e9s \u00e0 amener des amis, de la famille ou des membres de la communaut\u00e9 qui souhaitent participer.<\/p>\n\n\n\n<p><strong>Programme de la journ\u00e9e :<\/strong><\/p>\n\n\n\n<p><strong>9 h 30 \u2013 11 h 30 :<\/strong>&nbsp;La d\u00e9l\u00e9gation de l\u2019AFPC se r\u00e9unira au si\u00e8ge social de l\u2019AFPC (233, rue Gilmour). Les membres pourront cr\u00e9er des banni\u00e8res \u00e0 l\u2019aide des mat\u00e9riaux fournis. Des rafra\u00eechissements et des collations l\u00e9g\u00e8res seront disponibles et un camion de cr\u00e8me glac\u00e9e sera sur place.<\/p>\n\n\n\n<p><strong>11:30 \u2013 12:00 :<\/strong>&nbsp;La d\u00e9l\u00e9gation de l\u2019AFPC marchera du 233, rue Gilmour jusqu\u2019\u00e0 l\u2019h\u00f4tel de ville d\u2019Ottawa (750 m).<\/p>\n\n\n\n<p><strong>12:00 :<\/strong>&nbsp;La marche d\u00e9butera \u00e0 l\u2019h\u00f4tel de ville d\u2019Ottawa (c\u00f4t\u00e9 rue Lisgar). La marche suivra ensuite l\u2019itin\u00e9raire suivant (3 km) :<\/p>\n\n\n\n<ul><li>Ouest sur la rue Lisgar jusqu\u2019\u00e0 la rue Elgin<\/li><li>Sud sur la rue Elgin jusqu\u2019\u00e0 l\u2019avenue Gladstone<\/li><li>vers l\u2019ouest sur l\u2019avenue Gladstone jusqu\u2019au parc McNabb (\u00e0 l\u2019angle des rues Bronson et Gladstone).<\/li><\/ul>\n\n\n\n<p><strong>12:45 :<\/strong>&nbsp;Un pique-nique familial au parc McNabb d\u00e9butera \u00e0 l\u2019arriv\u00e9e de la marche.<\/p>\n\n\n\n<h1>Accessibilit\u00e9<\/h1>\n\n\n\n<p>Les participants doivent rester chez eux s\u2019ils ne se sentent pas bien pour une raison ou une autre.<\/p>\n\n\n\n<p>Il y aura des places dans un v\u00e9hicule qui circulera le long de la marche. Ces places seront disponibles selon le principe du premier arriv\u00e9, premier servi. Le v\u00e9hicule partira du 233 Gilmour pour se rendre \u00e0 l\u2019h\u00f4tel de ville d\u2019Ottawa \u00e0 11 heures. Si vous avez des questions \u00e0 ce sujet ou sur d\u2019autres aspects de l\u2019accessibilit\u00e9, veuillez envoyer un courriel \u00e0&nbsp;<a href=\"mailto:oac-cro@psac-afpc.com\">oac-cro@psac-afpc.com<\/a>.&nbsp;<\/p>\n\n\n\n<p>Les masques sont encourag\u00e9s mais ne sont pas obligatoires.<\/p>\n\n\n\n<p>Les participants doivent s\u2019habiller en fonction du temps et apporter de l\u2019eau et de la cr\u00e8me solaire.<\/p>\n\n\n\n<p>Veuillez \u00e9viter les produits parfum\u00e9s tels que le parfum, l\u2019eau de toilette ou la lotion, par consid\u00e9ration pour les membres de notre communaut\u00e9 qui souffrent de blessures ou de sensibilit\u00e9s aux produits chimiques.<\/p>\n\n\n\n<p>Les participants sont encourag\u00e9s \u00e0 apporter leurs propres chaises.<\/p>\n\n\n\n<p>Le stationnement est disponible comme suit :<\/p>\n\n\n\n<ul><li>Le stationnement est gratuit au 233, rue Gilmour \u00e0 partir de 10 h, selon le principe du premier arriv\u00e9, premier servi.<\/li><li>Des places de stationnement payantes sont disponibles \u00e0 l\u2019h\u00f4tel de ville d\u2019Ottawa et au parc McNabb.<\/li><\/ul>\n\n\n\n<p>Les lignes d\u2019OC Transpo sont disponibles comme suit :<\/p>\n\n\n\n<ul><li>Routes qui s\u2019arr\u00eatent pr\u00e8s du 233 Gilmour : 6, 7, 11, 14<\/li><li>Routes qui s\u2019arr\u00eatent pr\u00e8s de l\u2019h\u00f4tel de ville d\u2019Ottawa : 5, 11, 14, 16, 19<\/li><li>Routes qui s\u2019arr\u00eatent pr\u00e8s du parc McNabb : 10, 14<\/li><li>Pour toute question concernant l\u2019acc\u00e8s au transport en commun vers les lieux de l\u2019\u00e9v\u00e9nement, veuillez consulter le planificateur de voyage d\u2019<a href=\"https:\/\/plan.octranspo.com\/plan\">OC Transpo<\/a>&nbsp;ou le site Web de&nbsp;<a href=\"https:\/\/www.octranspo.com\/fr\/para-transpo-fr\/\">Para Transpo<\/a>.<\/li><\/ul>\n\n\n\n<p>Des toilettes publiques sont disponibles aux endroits suivants : 233, rue Gilmour, avant le d\u00e9part \u00e0 11 h 30, H\u00f4tel de ville d\u2019Ottawa et Centre communautaire du parc McNabb.<a href=\"https:\/\/psac-ncr.com\/#facebook\" rel=\"noreferrer noopener\" target=\"_blank\"><\/a><\/p>\n","protected":false},"excerpt":{"rendered":"<p>2 septembre 2024, 9h30 &#8211; 16h 233 rue Gilmour, Ottawa Le Conseil r\u00e9gional Ottawa (CRO) de l&#8217;AFPC RCN est heureux d&#8217;annoncer sa participation \u00e0 la marche de la F\u00eate du travail d&#8217;Ottawa 2024 ! La marche, organis\u00e9e par le Conseil du travail du district d&#8217;Ottawa (en anglais seulement), aura lieu le lundi 2 septembre de &hellip; <\/p>\n<p class=\"link-more\"><a href=\"https:\/\/www.unesen.ca\/press\/?p=11825&#038;lang=fr\" class=\"more-link\">>><span class=\"screen-reader-text\"> &#8220;Joignez-vous \u00e0 l\u2019AFPC RCN et au Conseil r\u00e9gional d\u2019Ottawa \u00e0 l\u2019occasion de la F\u00eate du travail 2024 d\u2019Ottawa !&#8221;<\/span><\/a><\/p>\n","protected":false},"author":2,"featured_media":0,"comment_status":"closed","ping_status":"open","sticky":false,"template":"","format":"standard","meta":{"_links_to":"","_links_to_target":""},"categories":[],"tags":[],"_links":{"self":[{"href":"https:\/\/www.unesen.ca\/press\/index.php?rest_route=\/wp\/v2\/posts\/11825"}],"collection":[{"href":"https:\/\/www.unesen.ca\/press\/index.php?rest_route=\/wp\/v2\/posts"}],"about":[{"href":"https:\/\/www.unesen.ca\/press\/index.php?rest_route=\/wp\/v2\/types\/post"}],"author":[{"embeddable":true,"href":"https:\/\/www.unesen.ca\/press\/index.php?rest_route=\/wp\/v2\/users\/2"}],"replies":[{"embeddable":true,"href":"https:\/\/www.unesen.ca\/press\/index.php?rest_route=%2Fwp%2Fv2%2Fcomments&post=11825"}],"version-history":[{"count":1,"href":"https:\/\/www.unesen.ca\/press\/index.php?rest_route=\/wp\/v2\/posts\/11825\/revisions"}],"predecessor-version":[{"id":11827,"href":"https:\/\/www.unesen.ca\/press\/index.php?rest_route=\/wp\/v2\/posts\/11825\/revisions\/11827"}],"wp:attachment":[{"href":"https:\/\/www.unesen.ca\/press\/index.php?rest_route=%2Fwp%2Fv2%2Fmedia&parent=11825"}],"wp:term":[{"taxonomy":"category","embeddable":true,"href":"https:\/\/www.unesen.ca\/press\/index.php?rest_route=%2Fwp%2Fv2%2Fcategories&post=11825"},{"taxonomy":"post_tag","embeddable":true,"href":"https:\/\/www.unesen.ca\/press\/index.php?rest_route=%2Fwp%2Fv2%2Ftags&post=11825"}],"curies":[{"name":"wp","href":"https:\/\/api.w.org\/{rel}","templated":true}]}}