{"id":11808,"date":"2024-08-28T06:26:33","date_gmt":"2024-08-28T11:26:33","guid":{"rendered":"https:\/\/www.unesen.ca\/press\/?p=11808"},"modified":"2024-08-28T06:26:34","modified_gmt":"2024-08-28T11:26:34","slug":"deconstruire-les-mensonges-la-sanction-royale-et-lesclavage-au-canada","status":"publish","type":"post","link":"https:\/\/www.unesen.ca\/press\/?p=11808&amp;lang=fr","title":{"rendered":"D\u00e9construire les mensonges \u2013 La sanction royale et l\u2019esclavage au Canada"},"content":{"rendered":"\n<figure class=\"wp-block-image size-large\"><img loading=\"lazy\" width=\"1024\" height=\"576\" src=\"https:\/\/www.unesen.ca\/press\/wp-content\/uploads\/2024\/08\/RoyalAssentSlavery-f-1024x576.png\" alt=\"\" class=\"wp-image-11818\" srcset=\"https:\/\/www.unesen.ca\/press\/wp-content\/uploads\/2024\/08\/RoyalAssentSlavery-f-1024x576.png 1024w, https:\/\/www.unesen.ca\/press\/wp-content\/uploads\/2024\/08\/RoyalAssentSlavery-f-300x169.png 300w, https:\/\/www.unesen.ca\/press\/wp-content\/uploads\/2024\/08\/RoyalAssentSlavery-f-768x432.png 768w, https:\/\/www.unesen.ca\/press\/wp-content\/uploads\/2024\/08\/RoyalAssentSlavery-f-1536x864.png 1536w, https:\/\/www.unesen.ca\/press\/wp-content\/uploads\/2024\/08\/RoyalAssentSlavery-f.png 1920w\" sizes=\"(max-width: 767px) 89vw, (max-width: 1000px) 54vw, (max-width: 1071px) 543px, 580px\" \/><\/figure>\n\n\n\n<p>Par Alisha Kang<\/p>\n\n\n\n<p>Avant que je parle ou que j\u2019\u00e9crive, vous pouvez me voir tenir les blagues \u00e0 tabac que m\u2019ont offertes les A\u00een\u00e9s et que je porte autour du cou. Je prie&nbsp;: \u00ab&nbsp;Grand Esprit et anc\u00eatres, aidez-moi \u00e0 toujours chercher et \u00e0 dire ou \u00e9crire la v\u00e9rit\u00e9, ou faites qu\u2019un autre porteur de v\u00e9rit\u00e9 corrige mon ignorance afin que nous puissions tous vivre dans une communaut\u00e9 honn\u00eate.&nbsp;\u00bb<\/p>\n\n\n\n<p>En tant que femme noire autochtone, dont les anc\u00eatres ont \u00e9t\u00e9 r\u00e9duits en esclavage par la sanction royale des Europ\u00e9ens, cela signifie&#8230;<\/p>\n\n\n\n<p>Que les mains de la monarchie sont tach\u00e9es du sang de mes anc\u00eatres. Cela signifie que la famille royale a d\u00fb approuver la libert\u00e9 de mes anc\u00eatres. Cela signifie que les Fran\u00e7ais et les Britanniques ont b\u00e9n\u00e9fici\u00e9 de notre asservissement.<\/p>\n\n\n\n<p>Les si\u00e8cles d\u2019esclavage sont la raison pour laquelle mes anc\u00eatres africains sont constitu\u00e9s de personnes d\u2019origine nig\u00e9riane, ghan\u00e9enne, lib\u00e9rienne, sierra-l\u00e9onaise, s\u00e9n\u00e9gambienne, guin\u00e9enne, congolaise et angolaise \u2013 des personnes vol\u00e9es emmen\u00e9es sur des terres vol\u00e9es. En tant que reproducteurs, les plus forts ont \u00e9t\u00e9 contraints \u00e0 en faire plus.<\/p>\n\n\n\n<p>Voici en quoi consistait la sanction royale&nbsp;: tous les enfants de moins de six&nbsp;ans ont \u00e9t\u00e9 lib\u00e9r\u00e9s en&nbsp;1834, mais d\u2019autres ont \u00e9t\u00e9 retenus pendant quatre \u00e0 six&nbsp;ans comme apprentis. Les habitants des Cara\u00efbes britanniques ont finalement obtenu leur libert\u00e9 \u00e0 minuit le 31&nbsp;juillet&nbsp;1838, soit deux&nbsp;ans avant certains se trouvant au Canada. Le Canada aime minimiser sa responsabilit\u00e9 dans l\u2019esclavage.<\/p>\n\n\n\n<p>Cela signifie qu\u2019au Canada, les esclaves auraient pu rester dans cette m\u00eame condition jusqu\u2019en 1840. L\u2019histoire d\u00e9peint ceux qui font du mal comme des h\u00e9ros, m\u00eame si ce n\u2019est pas tout \u00e0 fait vrai. Je ne soutiendrai pas leurs histoires fantastiques. Nous ne pouvons pas faire face \u00e0 la v\u00e9rit\u00e9 si nous continuons de r\u00e9p\u00e9ter des mensonges.<\/p>\n\n\n\n<p>Le gouvernement britannique a d\u00e9bloqu\u00e9 vingt&nbsp;millions de livres anglaises (20&nbsp;000&nbsp;000&nbsp;\u00a3) pour payer les dommages subis par les propri\u00e9taires d\u2019esclaves enregistr\u00e9s, mais aucune somme n\u2019a \u00e9t\u00e9 envoy\u00e9e aux propri\u00e9taires d\u2019esclaves en Am\u00e9rique du Nord britannique.<\/p>\n\n\n\n<p>Pas un seul cent n\u2019a jamais \u00e9t\u00e9 vers\u00e9 \u00e0 aucune g\u00e9n\u00e9ration d\u2019anc\u00eatres en dommages et int\u00e9r\u00eats ou en paiement pour le labeur (travail) des esclaves.<\/p>\n\n\n\n<p>Ainsi, bien que je comm\u00e9more le Jour de l\u2019\u00e9mancipation, je comprends aussi que c\u2019est un jour pour marquer le moment o\u00f9 les Canadiens d\u2019origine europ\u00e9enne ont d\u00e9cid\u00e9 qu\u2019ils ne devaient plus poss\u00e9der de personnes d\u2019origine autochtone et africaine.<\/p>\n\n\n\n<p>Un jour pour me rappeler de ne jamais exploiter les autres.<\/p>\n\n\n\n<p>Ne jamais me convaincre que la fin justifie les moyens.<\/p>\n\n\n\n<p>Je ne poursuivrai certainement jamais les id\u00e9aux m\u00eames qui ont opprim\u00e9 mes anc\u00eatres.<\/p>\n\n\n\n<p>Je r\u00e9affirme mon engagement \u00e0 d\u00e9manteler le syst\u00e8me des oppresseurs et \u00e0 d\u00e9construire leurs mensonges.<\/p>\n","protected":false},"excerpt":{"rendered":"<p>Par Alisha Kang Avant que je parle ou que j\u2019\u00e9crive, vous pouvez me voir tenir les blagues \u00e0 tabac que m\u2019ont offertes les A\u00een\u00e9s et que je porte autour du cou. Je prie&nbsp;: \u00ab&nbsp;Grand Esprit et anc\u00eatres, aidez-moi \u00e0 toujours chercher et \u00e0 dire ou \u00e9crire la v\u00e9rit\u00e9, ou faites qu\u2019un autre porteur de v\u00e9rit\u00e9 &hellip; <\/p>\n<p class=\"link-more\"><a href=\"https:\/\/www.unesen.ca\/press\/?p=11808&#038;lang=fr\" class=\"more-link\">>><span class=\"screen-reader-text\"> &#8220;D\u00e9construire les mensonges \u2013 La sanction royale et l\u2019esclavage au Canada&#8221;<\/span><\/a><\/p>\n","protected":false},"author":2,"featured_media":0,"comment_status":"closed","ping_status":"open","sticky":false,"template":"","format":"standard","meta":{"_links_to":"","_links_to_target":""},"categories":[],"tags":[],"_links":{"self":[{"href":"https:\/\/www.unesen.ca\/press\/index.php?rest_route=\/wp\/v2\/posts\/11808"}],"collection":[{"href":"https:\/\/www.unesen.ca\/press\/index.php?rest_route=\/wp\/v2\/posts"}],"about":[{"href":"https:\/\/www.unesen.ca\/press\/index.php?rest_route=\/wp\/v2\/types\/post"}],"author":[{"embeddable":true,"href":"https:\/\/www.unesen.ca\/press\/index.php?rest_route=\/wp\/v2\/users\/2"}],"replies":[{"embeddable":true,"href":"https:\/\/www.unesen.ca\/press\/index.php?rest_route=%2Fwp%2Fv2%2Fcomments&post=11808"}],"version-history":[{"count":2,"href":"https:\/\/www.unesen.ca\/press\/index.php?rest_route=\/wp\/v2\/posts\/11808\/revisions"}],"predecessor-version":[{"id":11819,"href":"https:\/\/www.unesen.ca\/press\/index.php?rest_route=\/wp\/v2\/posts\/11808\/revisions\/11819"}],"wp:attachment":[{"href":"https:\/\/www.unesen.ca\/press\/index.php?rest_route=%2Fwp%2Fv2%2Fmedia&parent=11808"}],"wp:term":[{"taxonomy":"category","embeddable":true,"href":"https:\/\/www.unesen.ca\/press\/index.php?rest_route=%2Fwp%2Fv2%2Fcategories&post=11808"},{"taxonomy":"post_tag","embeddable":true,"href":"https:\/\/www.unesen.ca\/press\/index.php?rest_route=%2Fwp%2Fv2%2Ftags&post=11808"}],"curies":[{"name":"wp","href":"https:\/\/api.w.org\/{rel}","templated":true}]}}