{"id":11802,"date":"2024-08-26T10:30:29","date_gmt":"2024-08-26T15:30:29","guid":{"rendered":"https:\/\/www.unesen.ca\/press\/?p=11802"},"modified":"2024-08-27T10:05:02","modified_gmt":"2024-08-27T15:05:02","slug":"une-etape-importante","status":"publish","type":"post","link":"https:\/\/www.unesen.ca\/press\/?p=11802&amp;lang=fr","title":{"rendered":"Une \u00e9tape importante!"},"content":{"rendered":"\n<figure class=\"wp-block-image size-large\"><img loading=\"lazy\" width=\"1024\" height=\"576\" src=\"https:\/\/www.unesen.ca\/press\/wp-content\/uploads\/2024\/08\/Milestone-f-2-1024x576.png\" alt=\"\" class=\"wp-image-11813\" srcset=\"https:\/\/www.unesen.ca\/press\/wp-content\/uploads\/2024\/08\/Milestone-f-2-1024x576.png 1024w, https:\/\/www.unesen.ca\/press\/wp-content\/uploads\/2024\/08\/Milestone-f-2-300x169.png 300w, https:\/\/www.unesen.ca\/press\/wp-content\/uploads\/2024\/08\/Milestone-f-2-768x432.png 768w, https:\/\/www.unesen.ca\/press\/wp-content\/uploads\/2024\/08\/Milestone-f-2-1536x864.png 1536w, https:\/\/www.unesen.ca\/press\/wp-content\/uploads\/2024\/08\/Milestone-f-2.png 1920w\" sizes=\"(max-width: 767px) 89vw, (max-width: 1000px) 54vw, (max-width: 1071px) 543px, 580px\" \/><\/figure>\n\n\n\n<p>Le 24 ao\u00fbt 2024 marque une \u00e9tape importante : le premier anniversaire de l\u2019\u00e9lection de deux dirigeantes avant-gardistes au sein de l\u2019AFPC par les cons\u0153urs et confr\u00e8res du Syndicat des employ\u00e9es et employ\u00e9s nationaux (SEN), qui ont ainsi particip\u00e9 \u00e0 l\u2019histoire. \u00c0 gauche, nous avons une femme noire autochtone de la communaut\u00e9 2ELGBTQA+ en situation de handicap, pr\u00e9sidente d\u2019un \u00c9l\u00e9ment \u2013 Alisha Kang (n\u00e9e Campbell). <\/p>\n\n\n\n<p>\u00c0 droite, Mme Hayley Millington, une femme noire (trinidadienne), vice-pr\u00e9sidente ex\u00e9cutive nationale.<\/p>\n\n\n\n<p>L\u2019Alliance de la Fonction publique du Canada (AFPC) ne nous a pass\u00e9 les r\u00eanes que le 6 mars 2024, et pourtant, nous sommes d\u00e9j\u00e0 au tiers de notre mandat. Nous devons accomplir des r\u00e9alisations exceptionnelles au cours des deux prochaines ann\u00e9es, mais ne d\u00e9sesp\u00e9rons pas. En tant que travailleuses et travailleurs, nous sommes habitu\u00e9\u00b7e\u00b7s \u00e0 ce que les chances soient contre nous et \u00e0 faire en sorte que l\u2019impossible devienne possible. Ensemble, cons\u0153urs et confr\u00e8res du SEN, nous b\u00e2tirons une nouvelle structure qui soutiendra nos membres comme jamais auparavant.<\/p>\n\n\n\n<p>Nous ne devons pas craindre les discussions difficiles qui nous attendent et l\u2019effort collectif qu\u2019il nous faudra d\u00e9ployer pour y parvenir. La seule constante est le changement, et nous vivons une p\u00e9riode de grande \u00e9volution. J\u2019ai h\u00e2te de voir ce que nous allons construire ensemble.<\/p>\n","protected":false},"excerpt":{"rendered":"<p>Le 24 ao\u00fbt 2024 marque une \u00e9tape importante : le premier anniversaire de l\u2019\u00e9lection de deux dirigeantes avant-gardistes au sein de l\u2019AFPC par les cons\u0153urs et confr\u00e8res du Syndicat des employ\u00e9es et employ\u00e9s nationaux (SEN), qui ont ainsi particip\u00e9 \u00e0 l\u2019histoire. \u00c0 gauche, nous avons une femme noire autochtone de la communaut\u00e9 2ELGBTQA+ en situation &hellip; <\/p>\n<p class=\"link-more\"><a href=\"https:\/\/www.unesen.ca\/press\/?p=11802&#038;lang=fr\" class=\"more-link\">>><span class=\"screen-reader-text\"> &#8220;Une \u00e9tape importante!&#8221;<\/span><\/a><\/p>\n","protected":false},"author":2,"featured_media":0,"comment_status":"closed","ping_status":"open","sticky":false,"template":"","format":"standard","meta":{"_links_to":"","_links_to_target":""},"categories":[],"tags":[],"_links":{"self":[{"href":"https:\/\/www.unesen.ca\/press\/index.php?rest_route=\/wp\/v2\/posts\/11802"}],"collection":[{"href":"https:\/\/www.unesen.ca\/press\/index.php?rest_route=\/wp\/v2\/posts"}],"about":[{"href":"https:\/\/www.unesen.ca\/press\/index.php?rest_route=\/wp\/v2\/types\/post"}],"author":[{"embeddable":true,"href":"https:\/\/www.unesen.ca\/press\/index.php?rest_route=\/wp\/v2\/users\/2"}],"replies":[{"embeddable":true,"href":"https:\/\/www.unesen.ca\/press\/index.php?rest_route=%2Fwp%2Fv2%2Fcomments&post=11802"}],"version-history":[{"count":3,"href":"https:\/\/www.unesen.ca\/press\/index.php?rest_route=\/wp\/v2\/posts\/11802\/revisions"}],"predecessor-version":[{"id":11815,"href":"https:\/\/www.unesen.ca\/press\/index.php?rest_route=\/wp\/v2\/posts\/11802\/revisions\/11815"}],"wp:attachment":[{"href":"https:\/\/www.unesen.ca\/press\/index.php?rest_route=%2Fwp%2Fv2%2Fmedia&parent=11802"}],"wp:term":[{"taxonomy":"category","embeddable":true,"href":"https:\/\/www.unesen.ca\/press\/index.php?rest_route=%2Fwp%2Fv2%2Fcategories&post=11802"},{"taxonomy":"post_tag","embeddable":true,"href":"https:\/\/www.unesen.ca\/press\/index.php?rest_route=%2Fwp%2Fv2%2Ftags&post=11802"}],"curies":[{"name":"wp","href":"https:\/\/api.w.org\/{rel}","templated":true}]}}