{"id":11777,"date":"2024-08-15T13:40:06","date_gmt":"2024-08-15T18:40:06","guid":{"rendered":"https:\/\/www.unesen.ca\/press\/?p=11777"},"modified":"2024-08-15T13:56:20","modified_gmt":"2024-08-15T18:56:20","slug":"mise-a-jour-a-lintention-de-la-section-locale-30115-situation-a-jasper","status":"publish","type":"post","link":"https:\/\/www.unesen.ca\/press\/?p=11777&amp;lang=fr","title":{"rendered":"Mise \u00e0 jour \u00e0 l\u2019intention de la section locale 30115 : Situation \u00e0 Jasper"},"content":{"rendered":"\n<figure class=\"wp-block-image size-large\"><img loading=\"lazy\" width=\"1024\" height=\"576\" src=\"https:\/\/www.unesen.ca\/press\/wp-content\/uploads\/2024\/08\/Jasper-Fire-fr-1-1024x576.png\" alt=\"\" class=\"wp-image-11793\" srcset=\"https:\/\/www.unesen.ca\/press\/wp-content\/uploads\/2024\/08\/Jasper-Fire-fr-1-1024x576.png 1024w, https:\/\/www.unesen.ca\/press\/wp-content\/uploads\/2024\/08\/Jasper-Fire-fr-1-300x169.png 300w, https:\/\/www.unesen.ca\/press\/wp-content\/uploads\/2024\/08\/Jasper-Fire-fr-1-768x432.png 768w, https:\/\/www.unesen.ca\/press\/wp-content\/uploads\/2024\/08\/Jasper-Fire-fr-1-1536x864.png 1536w, https:\/\/www.unesen.ca\/press\/wp-content\/uploads\/2024\/08\/Jasper-Fire-fr-1.png 1920w\" sizes=\"(max-width: 767px) 89vw, (max-width: 1000px) 54vw, (max-width: 1071px) 543px, 580px\" \/><\/figure>\n\n\n\n<p><a href=\"https:\/\/parcs.canada.ca\/pn-np\/ab\/jasper\/visit\/feu-alert-fire\/feudeforet-wildfire\/retour-re-entry\" data-type=\"URL\" data-id=\"https:\/\/parcs.canada.ca\/pn-np\/ab\/jasper\/visit\/feu-alert-fire\/feudeforet-wildfire\/retour-re-entry\" target=\"_blank\" rel=\"noreferrer noopener\">L\u2019annonce de lundi<\/a> autorisant le retour dans la municipalit\u00e9 de Jasper de milliers de r\u00e9sident\u00b7e\u00b7s, dont beaucoup sont des membres du\u00a0SEN qui travaillent au Parc national Jasper, est la premi\u00e8re \u00e9tape d\u2019un long chemin vers la gu\u00e9rison et le r\u00e9tablissement. Beaucoup parmi eux verront pour la premi\u00e8re fois les dommages et la d\u00e9vastation subis par leur collectivit\u00e9. <a rel=\"noreferrer noopener\" href=\"https:\/\/parcs.canada.ca\/pn-np\/ab\/jasper\/visit\/feu-alert-fire\/feudeforet-wildfire#misesajour\" target=\"_blank\">Le parc demeure ferm\u00e9 au public<\/a>, car la phase initiale du retour est r\u00e9serv\u00e9e aux r\u00e9sidents.<\/p>\n\n\n\n<p>Nos membres qui travaillent et vivent \u00e0 Jasper savent que le&nbsp;SEN maintient une communication \u00e9troite avec l\u2019employeur depuis le d\u00e9but des feux de for\u00eat. Les principaux sujets abord\u00e9s ont \u00e9t\u00e9 la s\u00e9curit\u00e9 de nos membres et de leur famille, les dispositions prises pour les soutenir pendant leurs d\u00e9placements, la communication et la sant\u00e9 mentale. L\u2019employeur a allou\u00e9 des ressources pour soutenir les personnes touch\u00e9es par les feux de for\u00eat.<\/p>\n\n\n\n<p>Une liste des questions fr\u00e9quemment pos\u00e9es a \u00e9t\u00e9 distribu\u00e9e. Veuillez communiquer avec les <a href=\"https:\/\/fr.unesen.ca\/who_we_are\/locals\/local.php?localnumber=30115&amp;lang=fr\" target=\"_blank\" rel=\"noreferrer noopener\">cadres de votre section locale<\/a> si vous ne l\u2019avez pas re\u00e7ue. Elle contient de l\u2019information pr\u00e9cieuse sur une foule de sujets&nbsp;:<\/p>\n\n\n\n<ul><li>Renseignements g\u00e9n\u00e9raux et soutien financier<\/li><li>Soutien du gouvernement de l\u2019Alberta<\/li><li>Soutien de la Croix-Rouge et renseignements<\/li><li>Questions sur les r\u00e9percussions pour le personnel de l\u2019Agence Parcs Canada et le logement du personnel<\/li><li>Questions sur les d\u00e9placements<\/li><li>Questions g\u00e9n\u00e9rales sur les ressources humaines<\/li><li>Questions sur la paye<\/li><li>Questions sur la dotation<\/li><li>Questions sur le soutien en mati\u00e8re de sant\u00e9<\/li><\/ul>\n\n\n\n<p>Pour le soutien en mati\u00e8re de sant\u00e9 en particulier, les ressources suivantes sont disponibles&nbsp;:<\/p>\n\n\n\n<ul><li>La ligne d\u2019\u00e9coute t\u00e9l\u00e9phonique du Programme d\u2019aide aux employ\u00e9s et \u00e0 leur famille (PAEF) est accessible en tout temps au 1-800-268-7708 (ou ATS 1-800-567-5803). Les agent\u00b7e\u00b7s du centre d\u2019appels sont inform\u00e9 e\u00b7s de la situation dans le Parc national Jasper et peuvent fournir un soutien imm\u00e9diat. Dans le cas des employ\u00e9\u00b7e\u00b7s qui ne sont pas en situation de crise, le centre d\u2019appels prendra les dispositions n\u00e9cessaires pour qu\u2019une conseill\u00e8re ou un conseiller communique avec eux dans les cinq&nbsp;jours ouvrables afin de fixer un rendez-vous gratuit pour une consultation en personne ou virtuelle (jusqu\u2019\u00e0 12&nbsp;heures de consultation par probl\u00e8me). Ils peuvent \u00e9galement prendre rendez-vous par <a href=\"https:\/\/sante.canada.ca\/fr\/sante-canada\/services\/sante-environnement-milieu-travail\/sante-securite-travail\/service-aide-employes\/pour-nous-joindre\/clavardage-etape-1-3.html\" target=\"_blank\" rel=\"noreferrer noopener\">clavardage<\/a><strong><em>&nbsp;<\/em><\/strong>(mot de passe&nbsp;: canada), du lundi au vendredi, de 10&nbsp;h \u00e0 21&nbsp;h&nbsp;30 (heure normale des Rocheuses).<\/li><\/ul>\n\n\n\n<ul><li>En plus du PAEF, <a href=\"https:\/\/www.sac-isc.gc.ca\/fra\/1576089519527\/1576089566478\" target=\"_blank\" rel=\"noreferrer noopener\">la ligne d\u2019assistance Espoir pour le mieux-\u00eatre des Premi\u00e8res Nations et des Inuits<\/a> est accessible au 1-855-242-3310 pour les membres autochtones et leur famille.<\/li><\/ul>\n\n\n\n<ul><li>Pour celles et ceux qui sont rest\u00e9s \u00e0 Jasper afin de soutenir les efforts de gestion des incendies en ce moment, sachez qu\u2019il y a deux&nbsp;professionnels de la sant\u00e9 mentale (PSM), qui travaillent en collaboration avec l\u2019\u00e9quipe du service de R\u00e9ponse psychosociale et Counselling de Sant\u00e9 Canada, sur place, et avec les responsables du commandement des interventions, pour soutenir les employ\u00e9\u00b7e\u00b7s de Parcs Canada. Les employ\u00e9\u00b7e\u00b7s qui ne font pas partie des \u00e9quipes d\u2019incendie et qui veulent rencontrer les&nbsp;PSM ou leur parler doivent communiquer directement avec eux. Les&nbsp;PSM seront en poste par rotation de deux&nbsp;semaines \u00e0 Hinton et dans les sites voisins jusqu\u2019\u00e0 la fin de septembre.<\/li><\/ul>\n\n\n\n<ul><li>Un soutien suppl\u00e9mentaire en sant\u00e9 mentale coordonn\u00e9 avec l\u2019\u00e9quipe de mieux-\u00eatre de Parcs Canada peut \u00eatre demand\u00e9 \u00e0 tout moment \u00e0 l\u2019adresse mieuxetre-wellness@pc.gc.ca ou aupr\u00e8s de l\u2019\u00e9quipe du service de R\u00e9ponse psychosociale et Counselling de Sant\u00e9 Canada \u00e0 l\u2019adresse PRECGeneral.CPRPGeneral@hc-sc.gc.ca.<\/li><\/ul>\n\n\n\n<p>N\u2019h\u00e9sitez pas \u00e0 communiquer avec vos \u00e9quipes <a href=\"https:\/\/fr.unesen.ca\/who_we_are\/regions\/region.php?RegionOrder=r03&amp;lang=fr\" target=\"_blank\" rel=\"noreferrer noopener\">r\u00e9gionale<\/a> et <a href=\"https:\/\/fr.unesen.ca\/who_we_are\/national_executive.php?lang=fr\" target=\"_blank\" rel=\"noreferrer noopener\">nationale<\/a> pour nous signaler tout probl\u00e8me concernant votre emploi, si vous avez \u00e9t\u00e9 d\u00e9plac\u00e9\u00b7e\u00b7s, afin que nous puissions en parler \u00e0 l\u2019employeur le plus t\u00f4t possible.<\/p>\n","protected":false},"excerpt":{"rendered":"<p>L\u2019annonce de lundi autorisant le retour dans la municipalit\u00e9 de Jasper de milliers de r\u00e9sident\u00b7e\u00b7s, dont beaucoup sont des membres du\u00a0SEN qui travaillent au Parc national Jasper, est la premi\u00e8re \u00e9tape d\u2019un long chemin vers la gu\u00e9rison et le r\u00e9tablissement. Beaucoup parmi eux verront pour la premi\u00e8re fois les dommages et la d\u00e9vastation subis par &hellip; <\/p>\n<p class=\"link-more\"><a href=\"https:\/\/www.unesen.ca\/press\/?p=11777&#038;lang=fr\" class=\"more-link\">>><span class=\"screen-reader-text\"> &#8220;Mise \u00e0 jour \u00e0 l\u2019intention de la section locale 30115 : Situation \u00e0 Jasper&#8221;<\/span><\/a><\/p>\n","protected":false},"author":6,"featured_media":0,"comment_status":"closed","ping_status":"open","sticky":false,"template":"","format":"standard","meta":{"_links_to":"","_links_to_target":""},"categories":[],"tags":[],"_links":{"self":[{"href":"https:\/\/www.unesen.ca\/press\/index.php?rest_route=\/wp\/v2\/posts\/11777"}],"collection":[{"href":"https:\/\/www.unesen.ca\/press\/index.php?rest_route=\/wp\/v2\/posts"}],"about":[{"href":"https:\/\/www.unesen.ca\/press\/index.php?rest_route=\/wp\/v2\/types\/post"}],"author":[{"embeddable":true,"href":"https:\/\/www.unesen.ca\/press\/index.php?rest_route=\/wp\/v2\/users\/6"}],"replies":[{"embeddable":true,"href":"https:\/\/www.unesen.ca\/press\/index.php?rest_route=%2Fwp%2Fv2%2Fcomments&post=11777"}],"version-history":[{"count":5,"href":"https:\/\/www.unesen.ca\/press\/index.php?rest_route=\/wp\/v2\/posts\/11777\/revisions"}],"predecessor-version":[{"id":11797,"href":"https:\/\/www.unesen.ca\/press\/index.php?rest_route=\/wp\/v2\/posts\/11777\/revisions\/11797"}],"wp:attachment":[{"href":"https:\/\/www.unesen.ca\/press\/index.php?rest_route=%2Fwp%2Fv2%2Fmedia&parent=11777"}],"wp:term":[{"taxonomy":"category","embeddable":true,"href":"https:\/\/www.unesen.ca\/press\/index.php?rest_route=%2Fwp%2Fv2%2Fcategories&post=11777"},{"taxonomy":"post_tag","embeddable":true,"href":"https:\/\/www.unesen.ca\/press\/index.php?rest_route=%2Fwp%2Fv2%2Ftags&post=11777"}],"curies":[{"name":"wp","href":"https:\/\/api.w.org\/{rel}","templated":true}]}}