{"id":1170,"date":"2012-08-09T14:19:07","date_gmt":"2012-08-09T18:19:07","guid":{"rendered":"http:\/\/www.une-sen.org\/press\/?p=1170"},"modified":"2014-02-25T18:52:47","modified_gmt":"2014-02-25T18:52:47","slug":"journee-internationale-des-peuples-autochtones","status":"publish","type":"post","link":"https:\/\/www.unesen.ca\/press\/?p=1170&amp;lang=fr","title":{"rendered":"Journ\u00e9e internationale des peuples autochtones"},"content":{"rendered":"<p><img loading=\"lazy\" class=\"alignnone size-full wp-image-1171\" title=\"ind_f\" alt=\"\" src=\"http:\/\/www.une-sen.org\/press\/wp-content\/uploads\/2012\/08\/ind_f.png\" width=\"600\" height=\"400\" srcset=\"https:\/\/www.unesen.ca\/press\/wp-content\/uploads\/2012\/08\/ind_f.png 600w, https:\/\/www.unesen.ca\/press\/wp-content\/uploads\/2012\/08\/ind_f-300x200.png 300w\" sizes=\"(max-width: 600px) 100vw, 600px\" \/><\/p>\n<p>Le 9 aout est la Journ\u00e9e internationale des peuples autochtones. L\u2019Organisation des Nations Unies a cr\u00e9\u00e9 cette journ\u00e9e il y a 18 ans \u00ab\u00a0afin de\u00a0renforcer la\u00a0coop\u00e9ration internationale\u00a0pour\u00a0r\u00e9soudre\u00a0les probl\u00e8mes qui\u00a0reposent\u00a0aux communaut\u00e9s autochtones dans les domaines tels que les droits de l&#8217;homme, l&#8217;environnement, le d\u00e9veloppement, l&#8217;\u00e9ducation et la sant\u00e9.\u00a0\u00bb<\/p>\n<p>En l\u2019honneur du 18e anniversaire de cette journ\u00e9e, Survival International, un organisme \u00e0 but non-lucratif agissant dans le monde entier pour les droits des peuples indig\u00e8nes, a cr\u00e9\u00e9 une galerie de photos de tribus indig\u00e8nes et de leurs territoires.<\/p>\n<p><object id=\"cinema-frame-1\" width=\"100%\" height=\"380px\" classid=\"clsid:d27cdb6e-ae6d-11cf-96b8-444553540000\" codebase=\"http:\/\/download.macromedia.com\/pub\/shockwave\/cabs\/flash\/swflash.cab#version=6,0,40,0\" bgcolor=\"#000000\"><param name=\"allowfullscreen\" value=\"true\" \/><param name=\"allowscriptaccess\" value=\"always\" \/><param name=\"seamlesstabbing\" value=\"true\" \/><param name=\"wmode\" value=\"opaque\" \/><param name=\"flashvars\" value=\"netstreambasepath=http%3A%2F%2Fwww.survivalfrance.org%2Fgaleries%2FTribus-vues-du-ciel&amp;id=cinema-frame-1&amp;className=cinema-frame&amp;repeat=false&amp;plugins=http%3A%2F%2Fwww.survivalfrance.org%2Fjavascripts%2Fvideo-plugins%2Fcaptions.swf%2Chttp%3A%2F%2Fwww.survivalfrance.org%2Fjavascripts%2Fvideo-plugins%2Fsharing.swf&amp;playlistfile=http%3A%2F%2Fassets-production.survivalinternational.org%2Ffilms%2F519%2Fstreams.rss&amp;skin=http%3A%2F%2Fassets.survivalinternational.org%2Fvideo_plugins%2Fsurvival%2Fsurvival.zip&amp;captions.state=true&amp;captions.file=%2Fvideos%2Fpeuples-vus-du-ciel%2Fsous-titres.srt&amp;captions.pluginmode=HYBRID&amp;sharing.code=%3Ciframe%20src%3D'http%3A%2F%2Fassets.survivalinternational.org%2Ffilms%2F519%2Fembed'%20frameborder%3D'0'%20allowfullscreen%20width%3D'720'%20height%3D'405'%3E%3C%2Fiframe%3E&amp;sharing.link=http%3A%2F%2Fwww.survivalfrance.org%2Fvideos%2Fpeuples-vus-du-ciel&amp;sharing.pluginmode=HYBRID&amp;controlbar.position=over&amp;dock.position=true\" \/><param name=\"src\" value=\"http:\/\/assets.survivalinternational.org\/flash\/player.5.9.swf\" \/><embed id=\"cinema-frame-1\" width=\"100%\" height=\"380px\" type=\"application\/x-shockwave-flash\" src=\"http:\/\/assets.survivalinternational.org\/flash\/player.5.9.swf\" allowfullscreen=\"true\" allowscriptaccess=\"always\" seamlesstabbing=\"true\" wmode=\"opaque\" flashvars=\"netstreambasepath=http%3A%2F%2Fwww.survivalfrance.org%2Fgaleries%2FTribus-vues-du-ciel&amp;id=cinema-frame-1&amp;className=cinema-frame&amp;repeat=false&amp;plugins=http%3A%2F%2Fwww.survivalfrance.org%2Fjavascripts%2Fvideo-plugins%2Fcaptions.swf%2Chttp%3A%2F%2Fwww.survivalfrance.org%2Fjavascripts%2Fvideo-plugins%2Fsharing.swf&amp;playlistfile=http%3A%2F%2Fassets-production.survivalinternational.org%2Ffilms%2F519%2Fstreams.rss&amp;skin=http%3A%2F%2Fassets.survivalinternational.org%2Fvideo_plugins%2Fsurvival%2Fsurvival.zip&amp;captions.state=true&amp;captions.file=%2Fvideos%2Fpeuples-vus-du-ciel%2Fsous-titres.srt&amp;captions.pluginmode=HYBRID&amp;sharing.code=%3Ciframe%20src%3D'http%3A%2F%2Fassets.survivalinternational.org%2Ffilms%2F519%2Fembed'%20frameborder%3D'0'%20allowfullscreen%20width%3D'720'%20height%3D'405'%3E%3C%2Fiframe%3E&amp;sharing.link=http%3A%2F%2Fwww.survivalfrance.org%2Fvideos%2Fpeuples-vus-du-ciel&amp;sharing.pluginmode=HYBRID&amp;controlbar.position=over&amp;dock.position=true\" bgcolor=\"#000000\" \/><\/object><\/p>\n<p><a href=\"http:\/\/www.survivalfrance.org\/galeries\/Tribus-vues-du-ciel\">Cliquez ici pour voir le diaporama avec des l\u00e9gendes.<\/a><\/p>\n<p>Survival International est peut-\u00eatre mieux connue pour son travail visant \u00e0 prot\u00e9ger\u00a0les terres des peuples sans contact avec le monde ext\u00e9rieur. L\u2019industrie du p\u00e9trole et l\u2019exploitation ill\u00e9gale des for\u00eats empi\u00e8tent sur leurs territoires. Ils repr\u00e9sentent \u00e9galement une grave menace puisque tout contact avec ces peuples pourrait les exposer \u00e0 des maladies infectieuses et les \u00e9liminer. Afin de survivre, ces peuples ont besoin que nous respectons leur d\u00e9cision de s\u2019isoler. C\u2019est \u00e0 nous de s\u2019assurer que leurs territoires sont prot\u00e9g\u00e9s.<\/p>\n<p>Nous vous encourageons \u00e0 consulter le site web de <a href=\"http:\/\/www.survivalfrance.org\">Survival International<\/a> pour en apprendre davantage sur ces peuples et les nombreuses fa\u00e7ons dont vous pouvez aider. Pour commencer, vous pouvez <a href=\"http:\/\/www.survivalfrance.org\/awa\">envoyer une lettre<\/a> au Ministre de la Justice du Br\u00e9sil lui demandant d\u2019emp\u00eacher les b\u00fbcherons d\u2019envahir les for\u00eats des Aw\u00e1 isol\u00e9s.<\/p>\n","protected":false},"excerpt":{"rendered":"<p>Le 9 aout est la Journ\u00e9e internationale des peuples autochtones. L\u2019Organisation des Nations Unies a cr\u00e9\u00e9 cette journ\u00e9e il y a 18 ans \u00ab\u00a0afin de\u00a0renforcer la\u00a0coop\u00e9ration internationale\u00a0pour\u00a0r\u00e9soudre\u00a0les probl\u00e8mes qui\u00a0reposent\u00a0aux communaut\u00e9s autochtones dans les domaines tels que les droits de l&#8217;homme, l&#8217;environnement, le d\u00e9veloppement, l&#8217;\u00e9ducation et la sant\u00e9.\u00a0\u00bb En l\u2019honneur du 18e anniversaire de cette journ\u00e9e, &hellip; <\/p>\n<p class=\"link-more\"><a href=\"https:\/\/www.unesen.ca\/press\/?p=1170&#038;lang=fr\" class=\"more-link\">>><span class=\"screen-reader-text\"> &#8220;Journ\u00e9e internationale des peuples autochtones&#8221;<\/span><\/a><\/p>\n","protected":false},"author":3,"featured_media":0,"comment_status":"open","ping_status":"open","sticky":false,"template":"","format":"standard","meta":{"_links_to":"","_links_to_target":""},"categories":[],"tags":[],"_links":{"self":[{"href":"https:\/\/www.unesen.ca\/press\/index.php?rest_route=\/wp\/v2\/posts\/1170"}],"collection":[{"href":"https:\/\/www.unesen.ca\/press\/index.php?rest_route=\/wp\/v2\/posts"}],"about":[{"href":"https:\/\/www.unesen.ca\/press\/index.php?rest_route=\/wp\/v2\/types\/post"}],"author":[{"embeddable":true,"href":"https:\/\/www.unesen.ca\/press\/index.php?rest_route=\/wp\/v2\/users\/3"}],"replies":[{"embeddable":true,"href":"https:\/\/www.unesen.ca\/press\/index.php?rest_route=%2Fwp%2Fv2%2Fcomments&post=1170"}],"version-history":[{"count":1,"href":"https:\/\/www.unesen.ca\/press\/index.php?rest_route=\/wp\/v2\/posts\/1170\/revisions"}],"predecessor-version":[{"id":3528,"href":"https:\/\/www.unesen.ca\/press\/index.php?rest_route=\/wp\/v2\/posts\/1170\/revisions\/3528"}],"wp:attachment":[{"href":"https:\/\/www.unesen.ca\/press\/index.php?rest_route=%2Fwp%2Fv2%2Fmedia&parent=1170"}],"wp:term":[{"taxonomy":"category","embeddable":true,"href":"https:\/\/www.unesen.ca\/press\/index.php?rest_route=%2Fwp%2Fv2%2Fcategories&post=1170"},{"taxonomy":"post_tag","embeddable":true,"href":"https:\/\/www.unesen.ca\/press\/index.php?rest_route=%2Fwp%2Fv2%2Ftags&post=1170"}],"curies":[{"name":"wp","href":"https:\/\/api.w.org\/{rel}","templated":true}]}}