{"id":1143,"date":"2012-08-08T00:11:21","date_gmt":"2012-08-08T04:11:21","guid":{"rendered":"http:\/\/www.une-sen.org\/press\/?p=1143"},"modified":"2014-02-25T18:53:57","modified_gmt":"2014-02-25T18:53:57","slug":"1143","status":"publish","type":"post","link":"https:\/\/www.unesen.ca\/press\/?p=1143&amp;lang=fr","title":{"rendered":"La Journ\u00e9e du multiculturalisme au SEN"},"content":{"rendered":"<p><img loading=\"lazy\" class=\"alignnone size-full wp-image-1150\" title=\"aug14_f\" alt=\"\" src=\"http:\/\/www.une-sen.org\/press\/wp-content\/uploads\/2012\/08\/aug14_f1.png\" width=\"600\" height=\"400\" srcset=\"https:\/\/www.unesen.ca\/press\/wp-content\/uploads\/2012\/08\/aug14_f1.png 600w, https:\/\/www.unesen.ca\/press\/wp-content\/uploads\/2012\/08\/aug14_f1-300x200.png 300w\" sizes=\"(max-width: 600px) 100vw, 600px\" \/><\/p>\n<p>Le 14 aout est la Journ\u00e9e du multiculturalisme au Syndicat des employ\u00e9es et employ\u00e9s nationaux.<\/p>\n<p>L\u2019\u00e9t\u00e9 dernier, nos membres ont adopt\u00e9 une r\u00e9solution visant \u00e0 c\u00e9l\u00e9brer la diversit\u00e9 au sein de notre syndicat, chaque an, le 14 aout. Cette ann\u00e9e, nous allons c\u00e9l\u00e9brer notre premi\u00e8re Journ\u00e9e du multiculturalisme.<\/p>\n<p>Nous esp\u00e9rons que vous profiterez de cette occasion d\u2019en apprendre davantage sur la riche mosa\u00efque culturelle dans laquelle nous vivons.<\/p>\n<p>Il y a plusieurs fa\u00e7ons de c\u00e9l\u00e9brer notre diversit\u00e9! Les membres du <a href=\"..\/what_we_do\/human_rights.php\">Comit\u00e9 des droits de la personne<\/a> vous sugg\u00e8rent les activit\u00e9s suivantes\u00a0:<\/p>\n<ul>\n<li>Jeux<\/li>\n<li>Barbecues<\/li>\n<li>Un repas-partage o\u00f9 chaque personne am\u00e8ne un repas traditionnel de son pays d\u2019origine<\/li>\n<\/ul>\n<p>Dans le cadre de la c\u00e9l\u00e9bration, le Syndicat des employ\u00e9es et employ\u00e9s nationaux organise un concours de dessin. Le th\u00e8me est \u00ab\u00a0le multiculturalisme au sein du Syndicat des employ\u00e9es et employ\u00e9s nationaux\u00a0\u00bb.\u00a0 Pour de plus amples d\u00e9tails, <a href=\"..\/featured\/news\/PosterContest_f.pdf\">cliquez ici afin de t\u00e9l\u00e9charger les r\u00e8glements du concours et le formulaire de participation<\/a>.<\/p>\n","protected":false},"excerpt":{"rendered":"<p>Le 14 aout est la Journ\u00e9e du multiculturalisme au Syndicat des employ\u00e9es et employ\u00e9s nationaux. L\u2019\u00e9t\u00e9 dernier, nos membres ont adopt\u00e9 une r\u00e9solution visant \u00e0 c\u00e9l\u00e9brer la diversit\u00e9 au sein de notre syndicat, chaque an, le 14 aout. Cette ann\u00e9e, nous allons c\u00e9l\u00e9brer notre premi\u00e8re Journ\u00e9e du multiculturalisme. Nous esp\u00e9rons que vous profiterez de cette &hellip; <\/p>\n<p class=\"link-more\"><a href=\"https:\/\/www.unesen.ca\/press\/?p=1143&#038;lang=fr\" class=\"more-link\">>><span class=\"screen-reader-text\"> &#8220;La Journ\u00e9e du multiculturalisme au SEN&#8221;<\/span><\/a><\/p>\n","protected":false},"author":3,"featured_media":0,"comment_status":"open","ping_status":"open","sticky":false,"template":"","format":"standard","meta":{"_links_to":"","_links_to_target":""},"categories":[],"tags":[],"_links":{"self":[{"href":"https:\/\/www.unesen.ca\/press\/index.php?rest_route=\/wp\/v2\/posts\/1143"}],"collection":[{"href":"https:\/\/www.unesen.ca\/press\/index.php?rest_route=\/wp\/v2\/posts"}],"about":[{"href":"https:\/\/www.unesen.ca\/press\/index.php?rest_route=\/wp\/v2\/types\/post"}],"author":[{"embeddable":true,"href":"https:\/\/www.unesen.ca\/press\/index.php?rest_route=\/wp\/v2\/users\/3"}],"replies":[{"embeddable":true,"href":"https:\/\/www.unesen.ca\/press\/index.php?rest_route=%2Fwp%2Fv2%2Fcomments&post=1143"}],"version-history":[{"count":1,"href":"https:\/\/www.unesen.ca\/press\/index.php?rest_route=\/wp\/v2\/posts\/1143\/revisions"}],"predecessor-version":[{"id":3530,"href":"https:\/\/www.unesen.ca\/press\/index.php?rest_route=\/wp\/v2\/posts\/1143\/revisions\/3530"}],"wp:attachment":[{"href":"https:\/\/www.unesen.ca\/press\/index.php?rest_route=%2Fwp%2Fv2%2Fmedia&parent=1143"}],"wp:term":[{"taxonomy":"category","embeddable":true,"href":"https:\/\/www.unesen.ca\/press\/index.php?rest_route=%2Fwp%2Fv2%2Fcategories&post=1143"},{"taxonomy":"post_tag","embeddable":true,"href":"https:\/\/www.unesen.ca\/press\/index.php?rest_route=%2Fwp%2Fv2%2Ftags&post=1143"}],"curies":[{"name":"wp","href":"https:\/\/api.w.org\/{rel}","templated":true}]}}