{"id":1133,"date":"2012-07-18T13:33:41","date_gmt":"2012-07-18T17:33:41","guid":{"rendered":"http:\/\/www.une-sen.org\/press\/?p=1133"},"modified":"2014-02-25T18:53:23","modified_gmt":"2014-02-25T18:53:23","slug":"journee-internationale-nelson-mandela","status":"publish","type":"post","link":"https:\/\/www.unesen.ca\/press\/?p=1133&amp;lang=fr","title":{"rendered":"Journ\u00e9e internationale Nelson Mandela"},"content":{"rendered":"<p><img loading=\"lazy\" class=\"alignnone size-full wp-image-1134\" title=\"nelsonmandela_f\" alt=\"\" src=\"http:\/\/www.une-sen.org\/press\/wp-content\/uploads\/2012\/07\/nelsonmandela_f.png\" width=\"600\" height=\"400\" srcset=\"https:\/\/www.unesen.ca\/press\/wp-content\/uploads\/2012\/07\/nelsonmandela_f.png 600w, https:\/\/www.unesen.ca\/press\/wp-content\/uploads\/2012\/07\/nelsonmandela_f-300x200.png 300w\" sizes=\"(max-width: 600px) 100vw, 600px\" \/><\/p>\n<p><em>\u00ab J\u2019ai lutt\u00e9 contre la domination blanche et j\u2019ai lutt\u00e9 contre la domination noire. J\u2019ai ch\u00e9ri l\u2019id\u00e9al d\u2019une soci\u00e9t\u00e9 libre et d\u00e9mocratique dont tous les membres pourraient vivre ensemble, en harmonie et avec les m\u00eames chances. C\u2019est, un id\u00e9al pour lequel j\u2019esp\u00e8re vivre et que j\u2019esp\u00e8re r\u00e9aliser. Mais si n\u00e9cessaire, c\u2019est un id\u00e9al pour lequel je suis pr\u00eat \u00e0 mourir<\/em>.\u00a0\u00bb [1]<em> <\/em><\/p>\n<p>&#8211;\u00a0\u00a0\u00a0\u00a0\u00a0 Nelson Mandela<\/p>\n<p>Le\u00a018\u00a0juillet est la <a href=\"http:\/\/www.un.org\/fr\/events\/mandeladay\/\">Journ\u00e9e internationale Nelson Mandela<\/a> \u2014 journ\u00e9e durant laquelle on nous demande de trouver des fa\u00e7ons d\u2019aider les autres. Cette ann\u00e9e, la Fondation Nelson Mandela demande aux citoyens du monde entier de consacrer\u00a067\u00a0minutes \u00e0 des services communautaires en l\u2019honneur des\u00a067 ann\u00e9es consacr\u00e9es par M. Mandela \u00e0 l\u2019entraide.<\/p>\n<p>Apr\u00e8s\u00a01948, Nelson Mandela a men\u00e9 la lutte contre l\u2019apartheid en Afrique du Sud. En\u00a01964, M. Mandela et d\u2019autres dirigeants du Congr\u00e8s national africain ont \u00e9t\u00e9 poursuivis parce qu\u2019ils pr\u00e9paraient le renversement du gouvernement par la violence, dans le but de renverser le r\u00e9gime fond\u00e9 sur l\u2019apartheid. M. Mandela a \u00e9t\u00e9 condamn\u00e9 \u00e0 une peine d\u2019emprisonnement \u00e0 perp\u00e9tuit\u00e9, devenant ainsi un prisonnier de conscience.<\/p>\n<blockquote><p>Le temps qu\u2019a pass\u00e9 Nelson Mandela en prison, soit un peu plus de 27 ans et demi, a \u00e9t\u00e9 marqu\u00e9 par bon nombre d\u2019\u00e9v\u00e9nements, petits et grands, qui ont grandement fa\u00e7onn\u00e9 la personnalit\u00e9 et les attitudes de l&#8217;homme qui allait devenir le premier pr\u00e9sident d&#8217;une soci\u00e9t\u00e9 d\u00e9mocratique en Afrique du Sud.\u00a0De nombreux autres prisonniers et directeurs de prisons l&#8217;ont influenc\u00e9 et vice-versa.\u00a0Durant son emprisonnement, sa m\u00e8re et son fils sont d\u00e9c\u00e9d\u00e9s, sa femme a \u00e9t\u00e9 bannie, arr\u00eat\u00e9e \u00e0 r\u00e9p\u00e9tition et continuellement harcel\u00e9e, et le mouvement de lib\u00e9ration a \u00e9t\u00e9 r\u00e9duit \u00e0 des groupes isol\u00e9s de militants. [2]<\/p><\/blockquote>\n<p>Apr\u00e8s sa lib\u00e9ration, Nelson Mandela a repr\u00e9sent\u00e9 le Congr\u00e8s national africain dans le cadre de n\u00e9gociations qui ont finalement men\u00e9 aux premi\u00e8res \u00e9lections multiraciales en Afrique du Sud. En\u00a01994, Nelson Mandela est devenu le premier pr\u00e9sident noir du pays \u00e0 la suite des premi\u00e8res \u00e9lections d\u00e9mocratiques de l\u2019Afrique du Sud.<\/p>\n<blockquote><p>\u00ab\u00a0Nous savons bien qu&#8217;il n&#8217;y a pas de chemin facile vers la libert\u00e9 et que personne ne peut r\u00e9ussir s\u2019il agit seul.\u00a0Nous devons donc agir ensemble en tant que peuple uni pour la r\u00e9conciliation nationale, pour b\u00e2tir une nation, pour la naissance d&#8217;un monde nouveau.\u00a0Qu&#8217;il y ait une justice pour tous.\u00a0Qu&#8217;il y ait la paix pour tous.\u00a0Qu&#8217;il y ait du travail, du pain, de l&#8217;eau et du sel pour tous.\u00a0Que chacun sache que, pour chaque corps, l&#8217;esprit et l&#8217;\u00e2me ont \u00e9t\u00e9 lib\u00e9r\u00e9s pour se r\u00e9aliser.\u00a0Jamais, jamais, plus jamais cette terre ne devra conna\u00eetre l&#8217;oppression de l\u2019un sur l\u2019autre ni \u00e9prouver la honte d\u2019\u00eatre le putois du monde.\u00a0Que la libert\u00e9 r\u00e8gne.\u00a0\u00bb [3]<\/p><\/blockquote>\n<p>On a remis le prix Nobel de la paix de\u00a01993 \u00e0 Nelson Mandela (ainsi qu\u2019\u00e0 Frederik Willem de Klerk) \u00ab\u00a0pour le travail qu\u2019ils ont fait en vue de mettre fin de fa\u00e7on pacifique au r\u00e9gime de l\u2019apartheid, et de jeter les bases de la nouvelle Afrique du Sud d\u00e9mocratique.\u00a0\u00bb [4]<\/p>\n<p>[1]\u00a0<a href=\"http:\/\/www.un.org\/fr\/events\/mandeladay\/inhiswords.shtml\">http:\/\/www.un.org\/fr\/events\/mandeladay\/inhiswords.shtml<br \/>\n<\/a>[2]\u00a0<a href=\"http:\/\/www.nelsonmandela.org\/content\/page\/biography\">http:\/\/www.nelsonmandela.org\/content\/page\/biography<br \/>\n<\/a>[3]\u00a0<a href=\"http:\/\/www.africa.upenn.edu\/Articles_Gen\/Inaugural_Speech_17984.html\">http:\/\/www.africa.upenn.edu\/Articles_Gen\/Inaugural_Speech_17984.html<br \/>\n<\/a>[4]\u00a0<a href=\"http:\/\/www.nobelprize.org\/nobel_prizes\/peace\/laureates\/1993\/presentation-speech.html\">http:\/\/www.nobelprize.org\/nobel_prizes\/peace\/laureates\/1993\/presentation-speech.html<\/a><\/p>\n","protected":false},"excerpt":{"rendered":"<p>\u00ab J\u2019ai lutt\u00e9 contre la domination blanche et j\u2019ai lutt\u00e9 contre la domination noire. J\u2019ai ch\u00e9ri l\u2019id\u00e9al d\u2019une soci\u00e9t\u00e9 libre et d\u00e9mocratique dont tous les membres pourraient vivre ensemble, en harmonie et avec les m\u00eames chances. C\u2019est, un id\u00e9al pour lequel j\u2019esp\u00e8re vivre et que j\u2019esp\u00e8re r\u00e9aliser. Mais si n\u00e9cessaire, c\u2019est un id\u00e9al pour lequel &hellip; <\/p>\n<p class=\"link-more\"><a href=\"https:\/\/www.unesen.ca\/press\/?p=1133&#038;lang=fr\" class=\"more-link\">>><span class=\"screen-reader-text\"> &#8220;Journ\u00e9e internationale Nelson Mandela&#8221;<\/span><\/a><\/p>\n","protected":false},"author":3,"featured_media":0,"comment_status":"open","ping_status":"open","sticky":false,"template":"","format":"standard","meta":{"_links_to":"","_links_to_target":""},"categories":[],"tags":[],"_links":{"self":[{"href":"https:\/\/www.unesen.ca\/press\/index.php?rest_route=\/wp\/v2\/posts\/1133"}],"collection":[{"href":"https:\/\/www.unesen.ca\/press\/index.php?rest_route=\/wp\/v2\/posts"}],"about":[{"href":"https:\/\/www.unesen.ca\/press\/index.php?rest_route=\/wp\/v2\/types\/post"}],"author":[{"embeddable":true,"href":"https:\/\/www.unesen.ca\/press\/index.php?rest_route=\/wp\/v2\/users\/3"}],"replies":[{"embeddable":true,"href":"https:\/\/www.unesen.ca\/press\/index.php?rest_route=%2Fwp%2Fv2%2Fcomments&post=1133"}],"version-history":[{"count":1,"href":"https:\/\/www.unesen.ca\/press\/index.php?rest_route=\/wp\/v2\/posts\/1133\/revisions"}],"predecessor-version":[{"id":3529,"href":"https:\/\/www.unesen.ca\/press\/index.php?rest_route=\/wp\/v2\/posts\/1133\/revisions\/3529"}],"wp:attachment":[{"href":"https:\/\/www.unesen.ca\/press\/index.php?rest_route=%2Fwp%2Fv2%2Fmedia&parent=1133"}],"wp:term":[{"taxonomy":"category","embeddable":true,"href":"https:\/\/www.unesen.ca\/press\/index.php?rest_route=%2Fwp%2Fv2%2Fcategories&post=1133"},{"taxonomy":"post_tag","embeddable":true,"href":"https:\/\/www.unesen.ca\/press\/index.php?rest_route=%2Fwp%2Fv2%2Ftags&post=1133"}],"curies":[{"name":"wp","href":"https:\/\/api.w.org\/{rel}","templated":true}]}}