{"id":1109,"date":"2012-07-04T12:04:26","date_gmt":"2012-07-04T16:04:26","guid":{"rendered":"http:\/\/www.une-sen.org\/press\/?p=1109"},"modified":"2014-02-25T18:54:43","modified_gmt":"2014-02-25T18:54:43","slug":"un-baillon-du-gouvernement-harper","status":"publish","type":"post","link":"https:\/\/www.unesen.ca\/press\/?p=1109&amp;lang=fr","title":{"rendered":"Un b\u00e2illon du gouvernement Harper"},"content":{"rendered":"<p><img loading=\"lazy\" class=\"alignnone size-full wp-image-1110\" title=\"gagorder_F\" alt=\"\" src=\"http:\/\/www.une-sen.org\/press\/wp-content\/uploads\/2012\/07\/gagorder_F.png\" width=\"600\" height=\"400\" srcset=\"https:\/\/www.unesen.ca\/press\/wp-content\/uploads\/2012\/07\/gagorder_F.png 600w, https:\/\/www.unesen.ca\/press\/wp-content\/uploads\/2012\/07\/gagorder_F-300x200.png 300w\" sizes=\"(max-width: 600px) 100vw, 600px\" \/><\/p>\n<p>Edith Bramwell, conseill\u00e8re juridique pour l\u2019Alliance de la fonction publique du Canada, a <a href=\"http:\/\/www.cbc.ca\/video\/player.html?clipid=2246464767&amp;position=1091&amp;site=cbc.news.ca\">r\u00e9cemment \u00e9t\u00e9 interview\u00e9e par Carole Off, journaliste \u00e0 la radio de la CBC<\/a>. Durant l\u2019\u00e9mission,\u00a0 M<sup>me<\/sup> Bramwell a parl\u00e9 d\u2019une lettre que Parcs Canada avait r\u00e9cemment envoy\u00e9e \u00e0 ses employ\u00e9s pour leur rappeler leur obligation de loyaut\u00e9, et a dit que la lettre ressemblait beaucoup \u00e0 un b\u00e2illon.<\/p>\n<p>Dans cette lettre, envoy\u00e9e le mois dernier, Parcs Canada demande \u00e0 ses employ\u00e9s de ne pas critiquer publiquement le gouvernement du Canada.<\/p>\n<p>M<sup>me<\/sup> Bramwell dit que la lettre donne l\u2019impression que toute critique \u00e0 l\u2019endroit du gouvernement brimerait l\u2019obligation de loyaut\u00e9. \u00ab\u00a0Il s\u2019agit d\u2019une atteinte flagrante aux droits politiques et \u00e0 la libert\u00e9 d\u2019expression des gens\u00a0\u00bb, a\u2011t\u2011elle ajout\u00e9.<\/p>\n<p>Eddie Kennedy, vice-pr\u00e9sident de l\u2019Ex\u00e9cutif national du SEN, a exprim\u00e9 les m\u00eames sentiments <a href=\"http:\/\/www.cbc.ca\/news\/canada\/prince-edward-island\/story\/2012\/06\/14\/ns-parks-canada-letter-warning.html\">dans une r\u00e9cente entrevue \u00e0 la CBC<\/a> :<\/p>\n<p>\u00ab\u00a0Admettons que vous \u00eates dans un caf\u00e9, que vous critiquez le gouvernement Harper et que la personne assise \u00e0 c\u00f4t\u00e9 de vous sait que vous travaillez pour un minist\u00e8re du gouvernement, techniquement, vous enfreignez le code d\u2019\u00e9thique.\u00a0\u00bb<\/p>\n<p>M<sup>me<\/sup> Bramwell a aussi mentionn\u00e9 que, compte tenu des compressions actuelles, il se peut que certains employ\u00e9s aient peur de perdre leur emploi s\u2019ils s\u2019expriment. \u00ab\u00a0Ce n\u2019est tout simplement pas appropri\u00e9. Ce n\u2019est certainement pas ce qu\u2019on entend par obligation de loyaut\u00e9.\u00a0\u00bb<\/p>\n<p><em>L\u2019AFPC travaille actuellement \u00e0 la r\u00e9daction d\u2019un guide \u00e0 l\u2019intention de ses membres concernant le code d\u2019\u00e9thique et leur droit de s\u2019exprimer. D\u00e8s qu\u2019il sera pr\u00eat, nous vous le dirons! En attendant, si on vous invite \u00e0 participer \u00e0 une entrevue avec les m\u00e9dias, veuillez communiquer avec l\u2019agent de communications du SEN ou avec votre agente\/agent des relations de travail assign\u00e9(e). <\/em><\/p>\n<p>&nbsp;<\/p>\n","protected":false},"excerpt":{"rendered":"<p>Edith Bramwell, conseill\u00e8re juridique pour l\u2019Alliance de la fonction publique du Canada, a r\u00e9cemment \u00e9t\u00e9 interview\u00e9e par Carole Off, journaliste \u00e0 la radio de la CBC. Durant l\u2019\u00e9mission,\u00a0 Mme Bramwell a parl\u00e9 d\u2019une lettre que Parcs Canada avait r\u00e9cemment envoy\u00e9e \u00e0 ses employ\u00e9s pour leur rappeler leur obligation de loyaut\u00e9, et a dit que la &hellip; <\/p>\n<p class=\"link-more\"><a href=\"https:\/\/www.unesen.ca\/press\/?p=1109&#038;lang=fr\" class=\"more-link\">>><span class=\"screen-reader-text\"> &#8220;Un b\u00e2illon du gouvernement Harper&#8221;<\/span><\/a><\/p>\n","protected":false},"author":3,"featured_media":0,"comment_status":"open","ping_status":"open","sticky":false,"template":"","format":"standard","meta":{"_links_to":"","_links_to_target":""},"categories":[],"tags":[],"_links":{"self":[{"href":"https:\/\/www.unesen.ca\/press\/index.php?rest_route=\/wp\/v2\/posts\/1109"}],"collection":[{"href":"https:\/\/www.unesen.ca\/press\/index.php?rest_route=\/wp\/v2\/posts"}],"about":[{"href":"https:\/\/www.unesen.ca\/press\/index.php?rest_route=\/wp\/v2\/types\/post"}],"author":[{"embeddable":true,"href":"https:\/\/www.unesen.ca\/press\/index.php?rest_route=\/wp\/v2\/users\/3"}],"replies":[{"embeddable":true,"href":"https:\/\/www.unesen.ca\/press\/index.php?rest_route=%2Fwp%2Fv2%2Fcomments&post=1109"}],"version-history":[{"count":1,"href":"https:\/\/www.unesen.ca\/press\/index.php?rest_route=\/wp\/v2\/posts\/1109\/revisions"}],"predecessor-version":[{"id":3532,"href":"https:\/\/www.unesen.ca\/press\/index.php?rest_route=\/wp\/v2\/posts\/1109\/revisions\/3532"}],"wp:attachment":[{"href":"https:\/\/www.unesen.ca\/press\/index.php?rest_route=%2Fwp%2Fv2%2Fmedia&parent=1109"}],"wp:term":[{"taxonomy":"category","embeddable":true,"href":"https:\/\/www.unesen.ca\/press\/index.php?rest_route=%2Fwp%2Fv2%2Fcategories&post=1109"},{"taxonomy":"post_tag","embeddable":true,"href":"https:\/\/www.unesen.ca\/press\/index.php?rest_route=%2Fwp%2Fv2%2Ftags&post=1109"}],"curies":[{"name":"wp","href":"https:\/\/api.w.org\/{rel}","templated":true}]}}