{"id":1100,"date":"2012-06-28T19:53:09","date_gmt":"2012-06-28T23:53:09","guid":{"rendered":"http:\/\/www.une-sen.org\/press\/?p=1100"},"modified":"2014-02-25T18:55:12","modified_gmt":"2014-02-25T18:55:12","slug":"une-autre-semaine-sombre","status":"publish","type":"post","link":"https:\/\/www.unesen.ca\/press\/?p=1100&amp;lang=fr","title":{"rendered":"Une autre semaine sombre"},"content":{"rendered":"<p><img loading=\"lazy\" class=\"alignnone size-full wp-image-1101\" title=\"wfa_p2_f\" alt=\"\" src=\"http:\/\/www.une-sen.org\/press\/wp-content\/uploads\/2012\/06\/wfa_p2_f.png\" width=\"600\" height=\"400\" srcset=\"https:\/\/www.unesen.ca\/press\/wp-content\/uploads\/2012\/06\/wfa_p2_f.png 600w, https:\/\/www.unesen.ca\/press\/wp-content\/uploads\/2012\/06\/wfa_p2_f-300x200.png 300w\" sizes=\"(max-width: 600px) 100vw, 600px\" \/><\/p>\n<p>Chers confr\u00e8res et ch\u00e8res consoeurs,<\/p>\n<p>La semaine qui vient de s\u2019\u00e9couler a \u00e9t\u00e9 une semaine sombre pour bon nombre de nos membres et bien s\u00fbr pour les Canadiens qui remarqueront, sans aucun doute, que les services se font de plus en plus rares.<\/p>\n<p>Hier, 3\u00a0889 membres de l\u2019AFPC, r\u00e9partis dans\u00a013 minist\u00e8res, se sont fait dire qu\u2019ils pourraient perdre leur emploi.<\/p>\n<p>Parmi ces membres, 1\u00a0964 travaillent \u00e0 RHDCC; 22 d\u2019entre eux sont des membres du SEN qui font partie du Programme du travail. Neuf autres membres du SEN qui travaillent \u00e0 Infrastructure Canada dans la RCN ont re\u00e7u les m\u00eames nouvelles.<\/p>\n<p>Cette semaine, nous avons \u00e9galement appris que\u00a023 postes seraient \u00e9limin\u00e9s au Conseil de recherches en sciences humaines. On a aussi dit \u00e0 trois autres membres qu\u2019ils perdaient leur emploi; ces membres travaillent au Centre national des arts, \u00e0 la Soci\u00e9t\u00e9 des mus\u00e9es de sciences et technologies du Canada et au minist\u00e8re des Affaires \u00e9trang\u00e8res et du Commerce international.<\/p>\n<p>La r\u00e9partition de tous les avis de r\u00e9am\u00e9nagement des effectifs est affich\u00e9e sur le <a href=\"http:\/\/www.psac.com\/federal-government-layoffs\/numbers-f.shtml?l=1\">site Web de l\u2019AFPC<\/a>.<\/p>\n<p>Nous allons en avoir davantage \u00e0 partager avec vous la semaine prochaine. Entre temps, assurons-nous de bien prendre soin de nos membres et des uns les autres.<\/p>\n<p>En toute solidarit\u00e9,<\/p>\n<p>Doug Marshall<br \/>\nPr\u00e9sident national<br \/>\nSyndicat des employ\u00e9es et employ\u00e9s nationaux<\/p>\n","protected":false},"excerpt":{"rendered":"<p>Chers confr\u00e8res et ch\u00e8res consoeurs, La semaine qui vient de s\u2019\u00e9couler a \u00e9t\u00e9 une semaine sombre pour bon nombre de nos membres et bien s\u00fbr pour les Canadiens qui remarqueront, sans aucun doute, que les services se font de plus en plus rares. Hier, 3\u00a0889 membres de l\u2019AFPC, r\u00e9partis dans\u00a013 minist\u00e8res, se sont fait dire &hellip; <\/p>\n<p class=\"link-more\"><a href=\"https:\/\/www.unesen.ca\/press\/?p=1100&#038;lang=fr\" class=\"more-link\">>><span class=\"screen-reader-text\"> &#8220;Une autre semaine sombre&#8221;<\/span><\/a><\/p>\n","protected":false},"author":3,"featured_media":0,"comment_status":"open","ping_status":"open","sticky":false,"template":"","format":"standard","meta":{"_links_to":"","_links_to_target":""},"categories":[],"tags":[],"_links":{"self":[{"href":"https:\/\/www.unesen.ca\/press\/index.php?rest_route=\/wp\/v2\/posts\/1100"}],"collection":[{"href":"https:\/\/www.unesen.ca\/press\/index.php?rest_route=\/wp\/v2\/posts"}],"about":[{"href":"https:\/\/www.unesen.ca\/press\/index.php?rest_route=\/wp\/v2\/types\/post"}],"author":[{"embeddable":true,"href":"https:\/\/www.unesen.ca\/press\/index.php?rest_route=\/wp\/v2\/users\/3"}],"replies":[{"embeddable":true,"href":"https:\/\/www.unesen.ca\/press\/index.php?rest_route=%2Fwp%2Fv2%2Fcomments&post=1100"}],"version-history":[{"count":1,"href":"https:\/\/www.unesen.ca\/press\/index.php?rest_route=\/wp\/v2\/posts\/1100\/revisions"}],"predecessor-version":[{"id":3533,"href":"https:\/\/www.unesen.ca\/press\/index.php?rest_route=\/wp\/v2\/posts\/1100\/revisions\/3533"}],"wp:attachment":[{"href":"https:\/\/www.unesen.ca\/press\/index.php?rest_route=%2Fwp%2Fv2%2Fmedia&parent=1100"}],"wp:term":[{"taxonomy":"category","embeddable":true,"href":"https:\/\/www.unesen.ca\/press\/index.php?rest_route=%2Fwp%2Fv2%2Fcategories&post=1100"},{"taxonomy":"post_tag","embeddable":true,"href":"https:\/\/www.unesen.ca\/press\/index.php?rest_route=%2Fwp%2Fv2%2Ftags&post=1100"}],"curies":[{"name":"wp","href":"https:\/\/api.w.org\/{rel}","templated":true}]}}